{"id":72130,"date":"2020-01-04T08:20:00","date_gmt":"2020-01-04T13:20:00","guid":{"rendered":"https:\/\/linitiative.ca\/International\/pour-mobiliser-une-majorite-dinvestiture-au-gouvernement-jemli-ghannouchi-repousse-la-seance-pleniere-de-larp-a-vendredi\/"},"modified":"2020-01-04T08:20:00","modified_gmt":"2020-01-04T13:20:00","slug":"pour-mobiliser-une-majorite-dinvestiture-au-gouvernement-jemli-ghannouchi-repousse-la-seance-pleniere-de-larp-a-vendredi","status":"publish","type":"post","link":"https:\/\/linitiative.ca\/International\/pour-mobiliser-une-majorite-dinvestiture-au-gouvernement-jemli-ghannouchi-repousse-la-seance-pleniere-de-larp-a-vendredi\/","title":{"rendered":"Pour mobiliser une majorit\u00e9 d\u2019investiture au gouvernement Jemli, Ghannouchi repousse la s\u00e9ance pl\u00e9ni\u00e8re de l\u2019ARP \u00e0 vendredi"},"content":{"rendered":"<p>Pr\u00e9visible. On n&rsquo;est pas encore sorti de l&rsquo;auberge! Ennahdha et ses alli\u00e9s s\u2019\u00e9chinent \u00e0 favoriser une majorit\u00e9 au moins suffisante pour garantir l\u2019investiture du parlement au gouvernement de Habib Jemli. La date de la s\u00e9ance pl\u00e9ni\u00e8re a \u00e9t\u00e9 repouss\u00e9e au vendredi 10 janvier. Ainsi en a d\u00e9cid\u00e9 le bureau de l\u2019ARP r\u00e9uni ce samedi. La voix du pr\u00e9sident, Rached Ghannouchi aura \u00e9t\u00e9 pr\u00e9pond\u00e9rante pour le choix de cette date.<br \/>Visiblement, le premier comptage des voix favorables estim\u00e9es ne semble pas r\u00e9unir la majorit\u00e9 requise. D\u2019o\u00f9 la d\u00e9cision initi\u00e9e par Ennahdha de se donner plus de temps pour engager des \u00ab\u00a0concertations intensives\u00a0\u00bb avec les autres groupes parlementaires et les\u00a0 non-inscrits, avec l\u2019ardent espoir d\u2019y parvenir.<\/p>\n<p>\u00ab\u00a0Ajustements\u00a0\u00bb<\/p>\n<p>A noter que le conseil de la Choura, du mouvement Ennahdh est r\u00e9uni en conclave ce weekend pour statuer sur la composition du gouvernement Jemli.\u00a0Des \u00ab\u00a0ajustements\u00a0\u00bb seraient-ils demand\u00e9s? \u00ab\u00a0Rien ne l&rsquo;interdit\u00a0\u00bb, a laiss\u00e9 entendre Rached Ghannouchi, \u00e0 l&rsquo;issue de la r\u00e9union, samedi matin, du bureau de l&rsquo;ARP.<\/p>\n<p>Passation : pas avant samedi, au moins<\/p>\n<p>Le time-line s\u2019en trouve prolong\u00e9. Le sc\u00e9nario le plus optimiste laisse supposer qu\u2019une fois l\u2019investiture remport\u00e9e, la prestation de serment devant le pr\u00e9sident de la R\u00e9publique aura lieu le samedi 10 janvier et sera alors suivie, dans la foul\u00e9e, par la passation des pouvoirs entre Chahed et Jemli.<br \/>\u00a0<\/p>\n<p>Auteur:<br \/>\n<a href=\"https:\/\/www.leaders.com.tn\/article\/28797-pour-mobiliser-une-majorite-d-investiture-au-gouvernement-jemli-ghannouchi-repousse-la-seance-pleniere-de-l-arp-a-vendredi\">Cliquez ici pour lire l&rsquo;article depuis sa source.<\/a><\/p>\n","protected":false},"excerpt":{"rendered":"<p>Pr\u00e9visible. On n&rsquo;est pas encore sorti de l&rsquo;auberge! Ennahdha et ses alli\u00e9s s\u2019\u00e9chinent \u00e0 favoriser une majorit\u00e9 au moins suffisante pour garantir l\u2019investiture du parlement au gouvernement de Habib Jemli. La date de la s\u00e9ance pl\u00e9ni\u00e8re a \u00e9t\u00e9 repouss\u00e9e au vendredi 10 janvier. Ainsi en a d\u00e9cid\u00e9 le bureau de l\u2019ARP r\u00e9uni ce samedi. La [&hellip;]<\/p>\n","protected":false},"author":1772,"featured_media":0,"comment_status":"closed","ping_status":"closed","sticky":false,"template":"","format":"standard","meta":{"fifu_image_url":"","fifu_image_alt":"","footnotes":""},"categories":[73,55],"tags":[],"class_list":["post-72130","post","type-post","status-publish","format-standard","hentry","category-actualite","category-tunisie"],"_links":{"self":[{"href":"https:\/\/linitiative.ca\/International\/wp-json\/wp\/v2\/posts\/72130","targetHints":{"allow":["GET"]}}],"collection":[{"href":"https:\/\/linitiative.ca\/International\/wp-json\/wp\/v2\/posts"}],"about":[{"href":"https:\/\/linitiative.ca\/International\/wp-json\/wp\/v2\/types\/post"}],"author":[{"embeddable":true,"href":"https:\/\/linitiative.ca\/International\/wp-json\/wp\/v2\/users\/1772"}],"replies":[{"embeddable":true,"href":"https:\/\/linitiative.ca\/International\/wp-json\/wp\/v2\/comments?post=72130"}],"version-history":[{"count":0,"href":"https:\/\/linitiative.ca\/International\/wp-json\/wp\/v2\/posts\/72130\/revisions"}],"wp:attachment":[{"href":"https:\/\/linitiative.ca\/International\/wp-json\/wp\/v2\/media?parent=72130"}],"wp:term":[{"taxonomy":"category","embeddable":true,"href":"https:\/\/linitiative.ca\/International\/wp-json\/wp\/v2\/categories?post=72130"},{"taxonomy":"post_tag","embeddable":true,"href":"https:\/\/linitiative.ca\/International\/wp-json\/wp\/v2\/tags?post=72130"}],"curies":[{"name":"wp","href":"https:\/\/api.w.org\/{rel}","templated":true}]}}