{"id":72131,"date":"2020-01-04T14:11:00","date_gmt":"2020-01-04T19:11:00","guid":{"rendered":"https:\/\/linitiative.ca\/International\/qui-est-feten-ghazouani-nominee-secretaire-detat-au-commerce-interieur\/"},"modified":"2020-01-04T14:11:00","modified_gmt":"2020-01-04T19:11:00","slug":"qui-est-feten-ghazouani-nominee-secretaire-detat-au-commerce-interieur","status":"publish","type":"post","link":"https:\/\/linitiative.ca\/International\/qui-est-feten-ghazouani-nominee-secretaire-detat-au-commerce-interieur\/","title":{"rendered":"Qui est Feten Ghazouani, nomin\u00e9e secr\u00e9taire d\u2019Etat au Commerce int\u00e9rieur"},"content":{"rendered":"<p>En 27 ans de carri\u00e8re, dont 16 ann\u00e9es accomplies dans 4 r\u00e9gions de Tunisie, elle en a fait sa sp\u00e9cialit\u00e9. Feten Ghazouani choisie par le chef du gouvernement Habib Jemli pour le poste de secr\u00e9taire d\u2019Etat aupr\u00e8s du ministre du Commerce (B\u00e9chir\u00a0Zaafouri), charg\u00e9e du Commerce int\u00e9rieur, est rompue aux arcanes du secteur. Jusqu\u2019au march\u00e9 de gros de Bir Kassaa. Cette juriste de formation est en effet jusque-l\u00e0, PDG de la SOUMAG, premi\u00e8re femme tunisienne \u00e0 diriger un march\u00e9 de gros, celui qui dessert en fruits et l\u00e9gumes, mais aussi en poissons, le Grand Tunis et toutes les autres r\u00e9gions limitrophes. Apr\u00e8s avoir \u00e9t\u00e9 pendant six ans (2012 \u2013 2018), directrice g\u00e9n\u00e9rale de la Qualit\u00e9, du Commerce int\u00e9rieur, des M\u00e9tiers et des Services.<\/p>\n<h2>Sur le terrain \u00e0 Zagouan, Tunis, Gab\u00e8s et la Manouba, avant d&rsquo;occuper le poste le plus \u00e9lev\u00e9<\/h2>\n<p>A peine qu\u2019elle a d\u00e9croch\u00e9 sa licence en Droit, Mme Ghazouani (n\u00e9e Ouerghi) a rejoint d\u00e8s 1992, le minist\u00e8re du Commerce, en qualit\u00e9 d\u2019inspectrice des Affaires \u00e9conomiques. Elle sera envoy\u00e9e directement sur le terrain, affect\u00e9e successivement au sein des directions r\u00e9gionales du Commerce de Zaghaoun, Tunis et Gab\u00e8s. Son ascension administrative commence par une premi\u00e8re fonction de chef de service \u00e0 Gab\u00e8s (1997 \u2013 2003), avant d\u2019\u00eatre promue en 2003, sous-directeur \u00e0 la tr\u00e8s d\u00e9licate direction g\u00e9n\u00e9rale de la Concurrence et des Enqu\u00eates \u00e9conomiques, charg\u00e9e du contr\u00f4le et des enqu\u00eates \u00e9conomique (2003 \u2013 2004). De retour dans les r\u00e9gions, elle ira exercer ses m\u00eames fonctions \u00e0 Sfax pendant 4 ans (2004 \u2013 2008).<\/p>\n<p>De nouveau dans le Grand Tunis, Feten Gahzouani sera nomm\u00e9e directrice r\u00e9gionale du Commerce dans le gouvernorat de la Mannouba. Quatre ann\u00e9es apr\u00e8s (2008 \u2013 2012), elle rejoint le si\u00e8ge du minist\u00e8re, promue directrice g\u00e9n\u00e9rale. Membre du conseil d\u2019administration de l\u2019Office du Commerce de la Tunisie (OCT), pr\u00e9sidente de la commission des achats et des march\u00e9s publics, elle sera \u00e9galement coopt\u00e9e membre du groupe de travail des experts en protection du consommateur de la Ligue des Etats-arabes, ainsi que celui de l\u2019infrastructure de la Qualit\u00e9, de l\u2019Accord d\u2019Agadir.<\/p>\n<h2>Sur des fronts br\u00fblants<\/h2>\n<p>L\u2019investiture du parlement au gouvernement Habib Jemli permettra \u00e0 Mme Ghazouani de capitaliser ainsi sur son expertise pour s\u2019attaquer \u00e0 la probl\u00e9matique \u00e9pineuse du commerce int\u00e9rieur. Garantir en flux tendu et quantit\u00e9s suffisantes \u00e0 prix abordables l\u2019approvisionnement en produits alimentaires, gestion de la compensation des produits de premi\u00e8re n\u00e9cessit\u00e9, restructuration des circuits de distribution, accroissement des apports agricoles et halieutiques aux march\u00e9s de gros, lutte contre le commerce parall\u00e8le, la contrebande et la contrefa\u00e7on, protection du consommateur, promotion du produit tunisien, extinction de la flamb\u00e9e des prix et compression de l\u2019inflation\u00a0: les fronts sont multiples, tous urgents et tr\u00e8s chauds. Arm\u00e9e de son courage, de son int\u00e9grit\u00e9 et de son exp\u00e9rience, comptant sur des \u00e9quipes qu\u2019elle conna\u00eet de pr\u00e8s, elle doit s\u2019y atteler imm\u00e9diatement.<\/p>\n<p>Auteur:<br \/>\n<a href=\"https:\/\/www.leaders.com.tn\/article\/28798-qui-est-faten-ghazouani-nominee-secretaire-d-etat-au-commerce-interieur\">Cliquez ici pour lire l&rsquo;article depuis sa source.<\/a><\/p>\n","protected":false},"excerpt":{"rendered":"<p>En 27 ans de carri\u00e8re, dont 16 ann\u00e9es accomplies dans 4 r\u00e9gions de Tunisie, elle en a fait sa sp\u00e9cialit\u00e9. Feten Ghazouani choisie par le chef du gouvernement Habib Jemli pour le poste de secr\u00e9taire d\u2019Etat aupr\u00e8s du ministre du Commerce (B\u00e9chir\u00a0Zaafouri), charg\u00e9e du Commerce int\u00e9rieur, est rompue aux arcanes du secteur. Jusqu\u2019au march\u00e9 de [&hellip;]<\/p>\n","protected":false},"author":1772,"featured_media":0,"comment_status":"closed","ping_status":"closed","sticky":false,"template":"","format":"standard","meta":{"fifu_image_url":"","fifu_image_alt":"","footnotes":""},"categories":[73,55],"tags":[],"class_list":["post-72131","post","type-post","status-publish","format-standard","hentry","category-actualite","category-tunisie"],"_links":{"self":[{"href":"https:\/\/linitiative.ca\/International\/wp-json\/wp\/v2\/posts\/72131","targetHints":{"allow":["GET"]}}],"collection":[{"href":"https:\/\/linitiative.ca\/International\/wp-json\/wp\/v2\/posts"}],"about":[{"href":"https:\/\/linitiative.ca\/International\/wp-json\/wp\/v2\/types\/post"}],"author":[{"embeddable":true,"href":"https:\/\/linitiative.ca\/International\/wp-json\/wp\/v2\/users\/1772"}],"replies":[{"embeddable":true,"href":"https:\/\/linitiative.ca\/International\/wp-json\/wp\/v2\/comments?post=72131"}],"version-history":[{"count":0,"href":"https:\/\/linitiative.ca\/International\/wp-json\/wp\/v2\/posts\/72131\/revisions"}],"wp:attachment":[{"href":"https:\/\/linitiative.ca\/International\/wp-json\/wp\/v2\/media?parent=72131"}],"wp:term":[{"taxonomy":"category","embeddable":true,"href":"https:\/\/linitiative.ca\/International\/wp-json\/wp\/v2\/categories?post=72131"},{"taxonomy":"post_tag","embeddable":true,"href":"https:\/\/linitiative.ca\/International\/wp-json\/wp\/v2\/tags?post=72131"}],"curies":[{"name":"wp","href":"https:\/\/api.w.org\/{rel}","templated":true}]}}