{"id":72132,"date":"2020-01-04T15:30:00","date_gmt":"2020-01-04T20:30:00","guid":{"rendered":"https:\/\/linitiative.ca\/International\/ce-que-vous-ne-devez-pas-rater-dans-leaders-magazine-de-ce-mois-de-janvier-2020\/"},"modified":"2020-01-04T15:30:00","modified_gmt":"2020-01-04T20:30:00","slug":"ce-que-vous-ne-devez-pas-rater-dans-leaders-magazine-de-ce-mois-de-janvier-2020","status":"publish","type":"post","link":"https:\/\/linitiative.ca\/International\/ce-que-vous-ne-devez-pas-rater-dans-leaders-magazine-de-ce-mois-de-janvier-2020\/","title":{"rendered":"Ce que vous ne devez pas rater dans Leaders Magazine de ce mois de janvier 2020"},"content":{"rendered":"<p>S\u2019ils ne s&rsquo;attendent pas \u00e0 un miracle, les Tunisiens aspirent l\u00e9gitimement en ce d\u00e9but de la nouvelle ann\u00e9e 2020 \u00e0 la d\u00e9livrance.\u00a0Une sortie de crise par le sens du devoir et l\u2019ampleur de l\u2019action. C\u2019est ce qu\u2019ils demandent \u00e0 leurs nouveaux dirigeants, \u00e0 Carthage, le Bardo et bient\u00f4t \u00e0 la Kasbah. Exasp\u00e9r\u00e9s, \u00e9chaud\u00e9s, d\u00e9senchant\u00e9s, ils s\u2019interrogent avec inqui\u00e9tude, mais aussi espoir, si 2020 sera en fin, l\u2019ann\u00e9e de la relance.<\/p>\n<p>C\u2019est le th\u00e8me en couverture du nouveau num\u00e9ro de <span class=\"c2\"><strong>Leaders Magazine<\/strong><\/span> pour ce mois de janvier.<\/p>\n<p>La section politique couvre <span class=\"c3\"><strong>les grands d\u00e9fis qui attendent le gouvernement que Habib Jemli est cens\u00e9 pouvoir former<\/strong><\/span> pour obtenir l\u2019investiture du Parlement. Le tout premier n\u2019est autre que de r\u00e9ussir \u00e0 mobiliser les 11.2 milliards de dinars (dont 8.8 \u00e0 l\u2019\u00e9tranger) qui font d\u00e9faut pour boucler le budget de l\u2019Etat en 2020,\u00a0d\u00e9j\u00e0 en d\u00e9ficit d\u2019entr\u00e9e de jeu de 3.3 milliards de dinars. Cette mission extr\u00eamement difficile conditionnera tout le reste. Jemli saura-t-il y r\u00e9ussir\u00a0? Faut-il le soutenir, ou du moins lui accorder un pr\u00e9jug\u00e9 favorable\u00a0? Le retour sur le contexte de son choix et les rebondissements successifs dans la composition de son \u00e9quipe, sont d\u00e9taill\u00e9s. A quelles conditions pourra-t-il r\u00e9ussir\u00a0?<\/p>\n<p>L\u2019analyse politique est suivie d\u2019une lecture instructive de <span class=\"c3\"><strong>l\u2019endettement tunisien qui d\u00e9raille,<\/strong><\/span> sign\u00e9e par Samir Gharbi. Ce mal n\u00e9cessaire aurait-il atteint les limites du toxique\u00a0? Et quelles sont les autres alternatives envisageables\u00a0? Habib Touhami et Afif Chelbi traiteront du d\u00e9veloppement et d\u00e9mocratie, et de l\u2019indispensable \u00ab\u00a0R\u00e9publique contractuelle\u00a0\u00bb en pacte de comp\u00e9titivit\u00e9 \u00e9conomique.<\/p>\n<p>Pour solder l\u2019ann\u00e9e 2019, rien ne vaut <span class=\"c3\"><strong>un album photos<\/strong><\/span>, rappelant les images phares qui auront marqu\u00e9 ces douze mois \u00e9coul\u00e9s. Le choix n\u2019a pas \u00e9t\u00e9 facile, mais les photos retenues racontent chacune un moment fort, une \u00e9motion inoubliable, que notre talentueux chef photo, Mohamed Hammi a su figer de tout son art.<\/p>\n<p><span class=\"c3\"><strong>Le pr\u00e9sident Mohamed Ennaceur, v\u00e9ritable Homme de l\u2019Ann\u00e9e,<\/strong><\/span> assurant avec brio l\u2019int\u00e9rim \u00e0 Carthage, apr\u00e8s le d\u00e9c\u00e8s du pr\u00e9sident B\u00e9ji Ca\u00efd Essebsi, est loin d\u2019\u00eatre oubli\u00e9. L\u2019hommage ponctu\u00e9 que lui a rendu l\u2019UGTT, mais aussi l\u2019UTICA et l\u2019Ordre des Avocats, est mis en exergue, photos \u00e0 l\u2019appui.<\/p>\n<p><span class=\"c3\"><strong>Une pause est alors offerte<\/strong><\/span> aux lecteurs de <span class=\"c2\"><strong>Leaders Magazine<\/strong><\/span> de ce mois de janvier 2020, \u00e0 la faveur d\u2019articles vari\u00e9s\u00a0: voyage \u00e0 Marrakech, le grand luxe qui s\u2019offre chez Ben Jannet &#038; C\u00b0, le concours de la Khomsa d\u2019Or et le Ksar Ouled Debab, la nouvelle \u0153uvre des Cheraiet, p\u00e8re et fils\u2026Mais aussi, une interview de Hamed Soyah, le fondateur de Radio IFM, \u00e0 l\u2019occasion du 8\u00e8me anniversaire de cette station d\u00e9cal\u00e9e qui conna\u00eet un franc succ\u00e8s. Avant d\u2019attaquer la rubrique Histoire avec une \u00e9vocation des Andalous dans l\u2019histoire de la Tunisie, sous la plume \u00e9rudite et suave du Pr Mohamed El Aziz Ben Achour.<\/p>\n<p><span class=\"c3\"><strong>La section livres est attractive.<\/strong><\/span> Les m\u00e9moires de Bahi Ladgham, le plus proche collaborateur de Bourguiba apr\u00e8s l\u2019ind\u00e9pendance (avec plein de r\u00e9v\u00e9lations des photos in\u00e9dites), sont amplement pr\u00e9sent\u00e9es avec un t\u00e9moignage exclusif de son fils, Dr Abderrahmane Ladgham. De son c\u00f4t\u00e9, l\u2019ambassadeur Mouldi Sakri consigne dans un bel ouvrage ses 33 ans de carri\u00e8re diplomatique, accomplie entre ambitions et d\u00e9sillusions.<\/p>\n<p><span class=\"c3\"><strong>Quant aux hommages posthumes,<\/strong><\/span> ils sont rendus aux ambassadeurs Raouf Said et Slaheddine Maaoui, ainsi qu\u2019\u00e0 l\u2019ancienne cheville ouvri\u00e8re de l\u2019UTICA, Habib Majoul, au syndicaliste et ancien d\u00e9put\u00e9 Boubaker Azaiez et au journaliste, mais aussi, ancienne gloire du Stade Tunisien, Jamel Karmaoui.<\/p>\n<p><span class=\"c2\"><strong>Leaders Magazine<\/strong><\/span>, c\u2019est aussi les news exclusives, les nominations significatives et les chroniques de Riadh Zghal et de H\u00e9di B\u00e8hi.<\/p>\n<p><strong>A ne pas rater.<\/strong><\/p>\n<p><em><strong>En vente chez votre marchand de journaux et<\/strong><\/em> <strong><a href=\"https:\/\/www.leaders.com.tn\/le_mensuel_abonnez_vous\"><em>disponible sur abonnement<\/em><\/a><\/strong><\/p>\n<h2>Sommaire de Leaders Magazine N\u00b0104 \/\u00a0Janvier 2020<\/h2>\n<h3>Editorial<\/h3>\n<p><strong><span class=\"c3\">\u2022<\/span><\/strong> Il n&rsquo;y aura pas de miracle<br \/><span class=\"c4\"><em>\u00a0\u00a0 Par Taoufik Habaieb<br \/><\/em><\/span><\/p>\n<h3>Opinion<\/h3>\n<p><strong><span class=\"c3\">\u2022<\/span><\/strong> Quand la d\u00e9mocratie prend racine \u00e0 la base sociale<br \/><span class=\"c4\"><em>\u00a0\u00a0 Par Riadh Zghal<\/em><\/span><\/p>\n<h3>En couverture<\/h3>\n<p><strong><span class=\"c3\">\u2022<\/span><\/strong> Habib Jemli&#8230;L\u2019homme de la relance ?<\/p>\n<h3>Nation<\/h3>\n<p><strong><span class=\"c3\">\u2022<\/span><\/strong> Les coulisses de l\u2019ARP 2019<\/p>\n<p><strong><span class=\"c3\">\u2022<\/span><\/strong> 2019 vue par Mohamed Hammi<\/p>\n<p><strong><span class=\"c3\">\u2022<\/span><\/strong> Mohamed Ennaceur, l\u2019Ugtt reconnaissante<\/p>\n<h3>Chronique<\/h3>\n<p><strong><span class=\"c3\">\u2022<\/span><\/strong> D\u00e9veloppement et d\u00e9mocratie<br \/><span class=\"c4\"><em>\u00a0\u00a0 Par Habib Touhami<\/em><\/span><\/p>\n<h3>Economie<\/h3>\n<p><strong><span class=\"c3\">\u2022<\/span><\/strong> Bank ABC, la banque internationale arabe leader de son march\u00e9<\/p>\n<p><strong><span class=\"c3\">\u2022<\/span><\/strong> La Tunisie \u00e0 la loupe\u2026Quand l\u2019endettement d\u00e9raille\u2026<br \/><span class=\"c4\"><em>\u00a0\u00a0 Par Samir Gharbi<\/em><\/span><\/p>\n<p><strong><span class=\"c3\">\u2022<\/span><\/strong> Entre innovation et digitalisation, la STB Bank, premi\u00e8re banque GPI en Afrique du nord<\/p>\n<p><strong><span class=\"c3\">\u2022<\/span><\/strong> Pacte pour la comp\u00e9titivit\u00e9 \u00e9conomique et l\u2019\u00e9quit\u00e9 sociale, pour une \u00abR\u00e9publique contractuelle\u00bb<br \/><span class=\"c4\"><em>\u00a0\u00a0 Par Afif Chelbi<\/em><\/span><\/p>\n<h3>Soci\u00e9t\u00e9<\/h3>\n<p><strong><span class=\"c3\">\u2022<\/span><\/strong> Carnet de voyage\u2026 \u00e0 Marrakech<br \/><span class=\"c4\"><em>\u00a0\u00a0 Par Samir Gharbi<\/em><\/span><\/p>\n<p><strong><span class=\"c3\">\u2022<\/span><\/strong> Ben Jannet &#038; CO&#8230;L\u2019irr\u00e9sistible luxe<\/p>\n<p><strong><span class=\"c3\">\u2022<\/span><\/strong> Khomsa d\u2019or 2019&#8230;Quand le traditionnel \u00e9pouse le modernisme<br \/><span class=\"c4\"><em>\u00a0\u00a0 Par Fatma Hentati<\/em><\/span><\/p>\n<p><strong><span class=\"c3\">\u2022<\/span><\/strong> Les Andalous dans l\u2019histoire de Tunisie<br \/><span class=\"c4\"><em>\u00a0\u00a0 Par Mohamed El Aziz Ben Achour<\/em><\/span><\/p>\n<p><strong><span class=\"c3\">\u2022<\/span><\/strong> Les m\u00e9moires de Bahi Ladgham<\/p>\n<p><strong><span class=\"c3\">\u2022<\/span><\/strong> Ksar Ouled Debab<\/p>\n<p><strong><span class=\"c3\">\u2022<\/span><\/strong> Mouldi Sakri, ambitions et d\u00e9sillusions&#8230;<\/p>\n<p><strong><span class=\"c3\">\u2022<\/span><\/strong> Hamed Soyah&#8230;Radio IFM, du r\u00eave \u00e0 la confirmation<\/p>\n<p><strong><span class=\"c3\">\u2022<\/span><\/strong> Raouf Said, l\u2019ambassadeur dans les contextes sensibles<\/p>\n<p><strong><span class=\"c3\">\u2022<\/span><\/strong> J.K. (Jamel Karmaoui)<\/p>\n<p><strong><span class=\"c3\">\u2022<\/span><\/strong> Avec le d\u00e9c\u00e8s de Habib Majoul, l\u2019Utica perd l\u2019artisan de son renouveau<\/p>\n<p><strong><span class=\"c3\">\u2022<\/span><\/strong> Boubaker Leta\u00efef Aza\u00efez&#8230;Le syndicaliste irr\u00e9ductible<\/p>\n<h3>Billet<\/h3>\n<p><strong><span class=\"c3\">\u2022<\/span><\/strong> La Tunisie a-t-elle vraiment besoin d\u2019une seconde r\u00e9volution ?<br \/><span class=\"c4\"><em>\u00a0\u00a0 Par H\u00e9di B\u00e9hi<\/em><\/span><\/p>\n<p><strong>En vente chez votre marchand de journaux et <a href=\"https:\/\/www.leaders.com.tn\/le_mensuel_abonnez_vous\">disponible sur abonnement<\/a><\/strong><\/p>\n<p>Auteur:<br \/>\n<a href=\"https:\/\/www.leaders.com.tn\/article\/28790-leaders-n-104\">Cliquez ici pour lire l&rsquo;article depuis sa source.<\/a><\/p>\n","protected":false},"excerpt":{"rendered":"<p>S\u2019ils ne s&rsquo;attendent pas \u00e0 un miracle, les Tunisiens aspirent l\u00e9gitimement en ce d\u00e9but de la nouvelle ann\u00e9e 2020 \u00e0 la d\u00e9livrance.\u00a0Une sortie de crise par le sens du devoir et l\u2019ampleur de l\u2019action. C\u2019est ce qu\u2019ils demandent \u00e0 leurs nouveaux dirigeants, \u00e0 Carthage, le Bardo et bient\u00f4t \u00e0 la Kasbah. Exasp\u00e9r\u00e9s, \u00e9chaud\u00e9s, d\u00e9senchant\u00e9s, ils [&hellip;]<\/p>\n","protected":false},"author":1772,"featured_media":0,"comment_status":"closed","ping_status":"closed","sticky":false,"template":"","format":"standard","meta":{"fifu_image_url":"","fifu_image_alt":"","footnotes":""},"categories":[73,55],"tags":[],"class_list":["post-72132","post","type-post","status-publish","format-standard","hentry","category-actualite","category-tunisie"],"_links":{"self":[{"href":"https:\/\/linitiative.ca\/International\/wp-json\/wp\/v2\/posts\/72132","targetHints":{"allow":["GET"]}}],"collection":[{"href":"https:\/\/linitiative.ca\/International\/wp-json\/wp\/v2\/posts"}],"about":[{"href":"https:\/\/linitiative.ca\/International\/wp-json\/wp\/v2\/types\/post"}],"author":[{"embeddable":true,"href":"https:\/\/linitiative.ca\/International\/wp-json\/wp\/v2\/users\/1772"}],"replies":[{"embeddable":true,"href":"https:\/\/linitiative.ca\/International\/wp-json\/wp\/v2\/comments?post=72132"}],"version-history":[{"count":0,"href":"https:\/\/linitiative.ca\/International\/wp-json\/wp\/v2\/posts\/72132\/revisions"}],"wp:attachment":[{"href":"https:\/\/linitiative.ca\/International\/wp-json\/wp\/v2\/media?parent=72132"}],"wp:term":[{"taxonomy":"category","embeddable":true,"href":"https:\/\/linitiative.ca\/International\/wp-json\/wp\/v2\/categories?post=72132"},{"taxonomy":"post_tag","embeddable":true,"href":"https:\/\/linitiative.ca\/International\/wp-json\/wp\/v2\/tags?post=72132"}],"curies":[{"name":"wp","href":"https:\/\/api.w.org\/{rel}","templated":true}]}}