{"id":72137,"date":"2020-01-04T05:00:00","date_gmt":"2020-01-04T10:00:00","guid":{"rendered":"https:\/\/linitiative.ca\/International\/a-partir-de-jijel-bengrina-soutient-le-nouveau-gouvernement\/"},"modified":"2020-01-04T05:00:00","modified_gmt":"2020-01-04T10:00:00","slug":"a-partir-de-jijel-bengrina-soutient-le-nouveau-gouvernement","status":"publish","type":"post","link":"https:\/\/linitiative.ca\/International\/a-partir-de-jijel-bengrina-soutient-le-nouveau-gouvernement\/","title":{"rendered":"A partir de Jijel, Bengrina soutient le nouveau gouvernement"},"content":{"rendered":"<div class=\"picture\"><img class=\"lazy\" data-original=\"\/data\/images\/article\/thumbs\/d-a-partir-de-jijel-bengrina-soutient-le-nouveau-gouvernement-db0f0.jpg\"\/>\n<\/div>\n<p>Le pr\u00e9sident du mouvement El Binaa, Abdelkader Bengrina a annonc\u00e9, hier vendredi, son soutien au nouveau gouvernement d\u00e9sign\u00e9 par le pr\u00e9sident de la R\u00e9publique Abdelmadjid Tebboune bien que son parti n&rsquo;ait pas eu de portefeuille minist\u00e9riel au sein de ce gouvernement.<br \/>En effet, le premier responsable de cette formation politique a salu\u00e9, lors de son meeting populaire \u00e0 la maison de jeunes Bounab Rachid \u00e0 Jijel devant des dizaines de ses militants, dont des femmes, la lib\u00e9ration du moudjahid Lakhdar Bourega\u00e2 en appelant la justice \u00e0 revoir son cas lors de son prochain jugement en mars prochain. Tirant profit de sa pr\u00e9sence dans une wilaya ou il a \u00e9t\u00e9 class\u00e9 deuxi\u00e8me apr\u00e8s le pr\u00e9sident \u00e9lu lors de la pr\u00e9sidentielle du 12 d\u00e9cembre, le h\u00f4te de Jijel n&rsquo; a pas tari d\u2019\u00e9loge \u00e0 l\u2019endroit du Hirak et ses animateurs qui ont permis la destitution et la chute de la \u00abIssaaba\u00bb .Abordant le th\u00e8me de \u00abl&rsquo;Alg\u00e9rie nouvelle\u00bb qui constitue le ma\u00eetre mot de son allocution, Abdelkader Bengrina a ajout\u00e9 que cette Alg\u00e9rie est celle pour laquelle le martyr Youcef Zighoud s&rsquo;est sacrifi\u00e9. Sur sa lanc\u00e9e, il a indiqu\u00e9 par, ailleurs, que les jeunes hirakistes ont restitu\u00e9 l&rsquo;Alg\u00e9rie confisqu\u00e9e et ont r\u00e9ussi \u00e0 r\u00e9tablir le projet de Novembre. Poursuivant son allocution, il a jet\u00e9 des fleurs \u00e0 l&rsquo;adresse de l&rsquo;Arm\u00e9e nationale populaire et de tous les corps constitu\u00e9s qui, selon lui , ont prouv\u00e9 qu&rsquo;ils sont les vrais descendants de l&rsquo;ALN lorsqu&rsquo;ils ont tiss\u00e9 une communion avec le peuple alg\u00e9rien \u00e0 qui ils ont permis d\u2019 exhausser son v\u0153u, \u00e0 savoir la destitution de la \u00abIssaaba\u00bb et la comparution des d\u00e9tenteurs de l&rsquo;argent sale devant la justice et leur incarc\u00e9ration pour avoir pill\u00e9 les deniers publics, a ajout\u00e9 le conf\u00e9rencier. \u00abNous n&rsquo;\u00e9tions pas en mesure de r\u00e9aliser la moiti\u00e9 de ce que nous avons atteint sans la contribution de l&rsquo;ANP\u00bb, a martel\u00e9 Bengrina. Le pr\u00e9sident du mouvement El Binaa a r\u00e9it\u00e9r\u00e9 ses positions politiques vis-\u00e0-vis de certaines questions dont, entre autres, l&rsquo;amendement de la Constitution, la dissolution des Assembl\u00e9es \u00e9lues (APN, apw et APC ) car ne repr\u00e9sentant pas la volont\u00e9 populaire en plaidant la tenue des \u00e9lections l\u00e9gislatives et locales anticip\u00e9es, rejetant la logique des quotas. Il est revenu \u00e9galement sur le concept phare de l&rsquo;Algerie nouvelle. \u00abLe processus de l&rsquo;Alg\u00e9rie nouvelle, nous devons le continuer en pr\u00e9sentant les mains propres, les esprits sains, des programmes r\u00e9alistes et sinc\u00e8res sous la devise non \u00e0 l&rsquo;exclusion.<br \/>Ensemble nous continuerons ce processus\u00bb, a insist\u00e9 le chef du mouvement . \u00abNous poursuivrons la construction de cette nouvelle Alg\u00e9rie en tant que parti politique qui a d\u00e9croch\u00e9 la deuxi\u00e8me place avec 1,5 million de voix. Nous poursuivrons cette mission sur une vision bas\u00e9e sur la r\u00e9novation dans de nombreux\u00bb, a insist\u00e9 Abdelakder Bengrina adressant ainsi des messages forts en direction du nouveau locataire d&rsquo;El Mouradia. Plus explicite, il a plaid\u00e9 la r\u00e9vision des m\u00e9canismes du dialogue, tout en critiquant ouvertement le dialogue de sourds initi\u00e9 par le pr\u00e9sident d\u00e9chu avec des partis qui n&rsquo;ont m\u00eame pas un bureau ou un si\u00e8ge. En somme, la vir\u00e9e jijelienne de Bengrina se veut le positionnement d&rsquo;un s\u00e9rieux acteur politique en pr\u00e9vision des prochaines \u00e9ch\u00e9ances \u00e9lectorales.<br \/>Bouhali Mohammed Cherif<\/p>\n<p>Auteur:<br \/>\n<a href=\"https:\/\/www.lesoirdalgerie.com\/actualites\/a-partir-de-jijel-bengrina-soutient-le-nouveau-gouvernement-36352\">Cliquez ici pour lire l&rsquo;article depuis sa source.<\/a><\/p>\n","protected":false},"excerpt":{"rendered":"<p>Le pr\u00e9sident du mouvement El Binaa, Abdelkader Bengrina a annonc\u00e9, hier vendredi, son soutien au nouveau gouvernement d\u00e9sign\u00e9 par le pr\u00e9sident de la R\u00e9publique Abdelmadjid Tebboune bien que son parti n&rsquo;ait pas eu de portefeuille minist\u00e9riel au sein de ce gouvernement.En effet, le premier responsable de cette formation politique a salu\u00e9, lors de son meeting [&hellip;]<\/p>\n","protected":false},"author":1741,"featured_media":0,"comment_status":"closed","ping_status":"closed","sticky":false,"template":"","format":"standard","meta":{"fifu_image_url":"","fifu_image_alt":"","footnotes":""},"categories":[73,53],"tags":[],"class_list":["post-72137","post","type-post","status-publish","format-standard","hentry","category-actualite","category-algerie"],"_links":{"self":[{"href":"https:\/\/linitiative.ca\/International\/wp-json\/wp\/v2\/posts\/72137","targetHints":{"allow":["GET"]}}],"collection":[{"href":"https:\/\/linitiative.ca\/International\/wp-json\/wp\/v2\/posts"}],"about":[{"href":"https:\/\/linitiative.ca\/International\/wp-json\/wp\/v2\/types\/post"}],"author":[{"embeddable":true,"href":"https:\/\/linitiative.ca\/International\/wp-json\/wp\/v2\/users\/1741"}],"replies":[{"embeddable":true,"href":"https:\/\/linitiative.ca\/International\/wp-json\/wp\/v2\/comments?post=72137"}],"version-history":[{"count":0,"href":"https:\/\/linitiative.ca\/International\/wp-json\/wp\/v2\/posts\/72137\/revisions"}],"wp:attachment":[{"href":"https:\/\/linitiative.ca\/International\/wp-json\/wp\/v2\/media?parent=72137"}],"wp:term":[{"taxonomy":"category","embeddable":true,"href":"https:\/\/linitiative.ca\/International\/wp-json\/wp\/v2\/categories?post=72137"},{"taxonomy":"post_tag","embeddable":true,"href":"https:\/\/linitiative.ca\/International\/wp-json\/wp\/v2\/tags?post=72137"}],"curies":[{"name":"wp","href":"https:\/\/api.w.org\/{rel}","templated":true}]}}