{"id":72141,"date":"2020-01-04T05:17:12","date_gmt":"2020-01-04T10:17:12","guid":{"rendered":"https:\/\/linitiative.ca\/International\/maroc-voici-le-calendrier-des-jours-feries-en-2020\/"},"modified":"2020-01-04T05:17:12","modified_gmt":"2020-01-04T10:17:12","slug":"maroc-voici-le-calendrier-des-jours-feries-en-2020","status":"publish","type":"post","link":"https:\/\/linitiative.ca\/International\/maroc-voici-le-calendrier-des-jours-feries-en-2020\/","title":{"rendered":"Maroc : voici le calendrier des jours f\u00e9ri\u00e9s en 2020"},"content":{"rendered":"<p><strong>Le minist\u00e8re de l\u2019\u00c9ducation nationale, de la Formation professionnelle, de l\u2019Enseignement sup\u00e9rieur et de la Recherche scientifique a publi\u00e9 le calendrier des vacances scolaires pour l\u2019ann\u00e9e 2019-2020.<\/strong><\/p>\n<div class=\"c10\"\/>\n<p>Selon ce calendrier, les Marocains auront 16 jours f\u00e9ri\u00e9s en 2020 plus 23 jours pour le milieu de l\u2019enseignement :<\/p>\n<ul>\n<li>Manifeste de l\u2019Ind\u00e9pendance\u00a0: le samedi 11 janvier<\/li>\n<li>Vacances d\u2019hiver : du samedi 19 au dimanche 26 janvier<\/li>\n<li>Vacances du printemps : du samedi 29 mars au dimanche 12 avril<\/li>\n<li>F\u00eate du travail\u00a0: le vendredi 1er mai<\/li>\n<li>A\u00efd Al Fitr\u00a0: du dimanche 24 au jeudi 28 mai (du 28 Ramadan au 2 Chaoual 1441)<\/li>\n<li>F\u00eate du Tr\u00f4ne\u00a0: le jeudi 30 juillet<\/li>\n<li>Aid al Adha\u00a0: le jeudi 30 et le vendredi 31 juillet<\/li>\n<li>Journ\u00e9e de Oued Ed-Dahab\u00a0: le vendredi 14 ao\u00fbt<\/li>\n<li>La r\u00e9volution du Roi et du peuple\u00a0: le Jeudi 20 ao\u00fbt<\/li>\n<li>Premier Moharram\u00a0: le jeudi 20 ao\u00fbt<\/li>\n<li>F\u00eate de la Jeunesse\u00a0: le Vendredi 21 ao\u00fbt<\/li>\n<li>Aid al Mawlid Annabawi\u00a0: le jeudi 29 octobre<\/li>\n<li>Marche verte\u00a0: le vendredi 6 novembre<\/li>\n<li>F\u00eate de l\u2019ind\u00e9pendance\u00a0: le mercredi 18 novembre<\/li>\n<\/ul>\n<div class=\"c17\">\n<fieldset class=\"c16\">\n<legend><strong><span class=\"c11\">Challenge<\/span><span class=\"c12\">news<\/span><\/strong><\/legend>\n<div class=\"c15\">Le meilleur de Challenge s\u00e9lectionn\u00e9 par la r\u00e9daction :<\/p>\n<\/div>\n<\/fieldset>\n<\/div>\n<p>Auteur: challenge<br \/>\n<a href=\"https:\/\/www.challenge.ma\/maroc-voici-le-calendrier-des-jours-feries-en-2020-127275\/\">Cliquez ici pour lire l&rsquo;article depuis sa source.<\/a><\/p>\n","protected":false},"excerpt":{"rendered":"<p>Le minist\u00e8re de l\u2019\u00c9ducation nationale, de la Formation professionnelle, de l\u2019Enseignement sup\u00e9rieur et de la Recherche scientifique a publi\u00e9 le calendrier des vacances scolaires pour l\u2019ann\u00e9e 2019-2020. Selon ce calendrier, les Marocains auront 16 jours f\u00e9ri\u00e9s en 2020 plus 23 jours pour le milieu de l\u2019enseignement : Manifeste de l\u2019Ind\u00e9pendance\u00a0: le samedi 11 janvier Vacances [&hellip;]<\/p>\n","protected":false},"author":1787,"featured_media":0,"comment_status":"closed","ping_status":"closed","sticky":false,"template":"","format":"standard","meta":{"fifu_image_url":"","fifu_image_alt":"","footnotes":""},"categories":[78,54],"tags":[],"class_list":["post-72141","post","type-post","status-publish","format-standard","hentry","category-economie","category-maroc"],"_links":{"self":[{"href":"https:\/\/linitiative.ca\/International\/wp-json\/wp\/v2\/posts\/72141","targetHints":{"allow":["GET"]}}],"collection":[{"href":"https:\/\/linitiative.ca\/International\/wp-json\/wp\/v2\/posts"}],"about":[{"href":"https:\/\/linitiative.ca\/International\/wp-json\/wp\/v2\/types\/post"}],"author":[{"embeddable":true,"href":"https:\/\/linitiative.ca\/International\/wp-json\/wp\/v2\/users\/1787"}],"replies":[{"embeddable":true,"href":"https:\/\/linitiative.ca\/International\/wp-json\/wp\/v2\/comments?post=72141"}],"version-history":[{"count":0,"href":"https:\/\/linitiative.ca\/International\/wp-json\/wp\/v2\/posts\/72141\/revisions"}],"wp:attachment":[{"href":"https:\/\/linitiative.ca\/International\/wp-json\/wp\/v2\/media?parent=72141"}],"wp:term":[{"taxonomy":"category","embeddable":true,"href":"https:\/\/linitiative.ca\/International\/wp-json\/wp\/v2\/categories?post=72141"},{"taxonomy":"post_tag","embeddable":true,"href":"https:\/\/linitiative.ca\/International\/wp-json\/wp\/v2\/tags?post=72141"}],"curies":[{"name":"wp","href":"https:\/\/api.w.org\/{rel}","templated":true}]}}