{"id":72143,"date":"2020-01-04T14:23:49","date_gmt":"2020-01-04T19:23:49","guid":{"rendered":"https:\/\/linitiative.ca\/International\/tunisie-arp-la-voix-de-rached-ghannouchi-a-ete-determinante-pour-le-choix-de-la-date-de-la-pleniere-du-vote-de-confiance\/"},"modified":"2020-01-04T14:23:49","modified_gmt":"2020-01-04T19:23:49","slug":"tunisie-arp-la-voix-de-rached-ghannouchi-a-ete-determinante-pour-le-choix-de-la-date-de-la-pleniere-du-vote-de-confiance","status":"publish","type":"post","link":"https:\/\/linitiative.ca\/International\/tunisie-arp-la-voix-de-rached-ghannouchi-a-ete-determinante-pour-le-choix-de-la-date-de-la-pleniere-du-vote-de-confiance\/","title":{"rendered":"Tunisie \u2013 ARP\u00a0: La voix de Rached Ghannouchi a \u00e9t\u00e9 d\u00e9terminante pour le choix de la date de la pl\u00e9ni\u00e8re du vote de confiance"},"content":{"rendered":"<div class=\"post-cont-in left relative\">\n<p>Le bureau de l\u2019ARP a \u00e9t\u00e9 divis\u00e9, ce samedi matin, lors de sa r\u00e9union, pour fixer la date de la pl\u00e9ni\u00e8re qui sera consacr\u00e9e au vote de la confiance au gouvernement. Ce qui a pouss\u00e9 le pr\u00e9sident de l\u2019ARP, <a href=\"https:\/\/www.tunisienumerique.com\/tunisie-actualite\/rached-ghannouchi\/\" title=\"Rached Ghannouchi\" target=\"_top\" class=\"auto-link\" rel=\"noopener noreferrer\">Rached Ghannouchi<\/a>, \u00e0 passer au vote. Mais m\u00eame le vote n\u2019a pas pu d\u00e9partager le clan qui \u00e9tait pour le choix du 7 janvier, et celui men\u00e9 par Ennhdha et 9alb Tounes, qui voulait d\u00e9clare au maximum, soit, au 10 janvier.<\/p>\n<div class=\"code-block code-block-1 c3\"><ins class=\"adsbygoogle c2\" data-ad-layout=\"in-article\" data-ad-format=\"fluid\" data-ad-client=\"ca-pub-2102118777505746\" data-ad-slot=\"7301775417\"\/> <\/div>\n<p>Et devant cette \u00e9galit\u00e9, la voix du pr\u00e9sident de l\u2019ARP a \u00e9t\u00e9 d\u00e9terminante, puisqu\u2019il s\u2019est rang\u00e9 du c\u00f4t\u00e9 des siens, et a opt\u00e9 pour le vendredi 10 janvier.<\/p>\n<div class=\"swp_social_panel swp_horizontal_panel swp_flat_fresh swp_default_full_color swp_individual_full_color swp_other_full_color scale-100 scale-\" data-min-width=\"1100\" data-float-color=\"#ffffff\" data-float=\"bottom\" data-float-mobile=\"bottom\" data-transition=\"slide\">\n<div class=\"nc_tweetContainer swp_share_button total_shares total_sharesalt\"><span class=\"swp_count\">37 <span class=\"swp_label\">Partages<\/span><\/span><\/div>\n<\/div>\n<p><strong>Que se passe-t-il en Tunisie?<\/strong><br \/>Nous expliquons sur notre <a href=\"https:\/\/www.youtube.com\/channel\/UCRzypVq0B_yBad5eGrwBx0Q?sub_confirmation=1\" target=\"_blank\" rel=\"noopener noreferrer\">cha\u00eene YouTube<\/a> . <a href=\"https:\/\/www.youtube.com\/channel\/UCRzypVq0B_yBad5eGrwBx0Q?sub_confirmation=1\" target=\"_blank\" rel=\"noopener noreferrer\">Abonnez-vous!<\/a><\/p>\n<div class=\"mvp-org-wrap mvp-org-logo\" itemprop=\"publisher\" itemscope=\"\" itemtype=\"https:\/\/schema.org\/Organization\"><img decoding=\"async\" src=\"https:\/\/www.tunisienumerique.com\/wp-content\/uploads\/2017\/02\/logo_tunisie_numerique.png\"\/><\/div>\n<div class=\"mvp-related-posts left relative\">\n<h4 class=\"post-header\"><span class=\"post-header\">Lire aussi<\/span><\/h4>\n<\/div>\n<\/div>\n<p>Auteur: LM<br \/>\n<a href=\"https:\/\/www.tunisienumerique.com\/tunisie-arp-la-voix-de-rached-ghannouchi-a-ete-determinante-pour-le-choix-de-la-date-de-la-pleniere-du-vote-de-confiance\/\">Cliquez ici pour lire l&rsquo;article depuis sa source.<\/a><\/p>\n","protected":false},"excerpt":{"rendered":"<p>Le bureau de l\u2019ARP a \u00e9t\u00e9 divis\u00e9, ce samedi matin, lors de sa r\u00e9union, pour fixer la date de la pl\u00e9ni\u00e8re qui sera consacr\u00e9e au vote de la confiance au gouvernement. Ce qui a pouss\u00e9 le pr\u00e9sident de l\u2019ARP, Rached Ghannouchi, \u00e0 passer au vote. Mais m\u00eame le vote n\u2019a pas pu d\u00e9partager le clan [&hellip;]<\/p>\n","protected":false},"author":1789,"featured_media":72144,"comment_status":"closed","ping_status":"closed","sticky":false,"template":"","format":"standard","meta":{"fifu_image_url":"","fifu_image_alt":"","footnotes":""},"categories":[73,55],"tags":[],"class_list":["post-72143","post","type-post","status-publish","format-standard","has-post-thumbnail","hentry","category-actualite","category-tunisie"],"_links":{"self":[{"href":"https:\/\/linitiative.ca\/International\/wp-json\/wp\/v2\/posts\/72143","targetHints":{"allow":["GET"]}}],"collection":[{"href":"https:\/\/linitiative.ca\/International\/wp-json\/wp\/v2\/posts"}],"about":[{"href":"https:\/\/linitiative.ca\/International\/wp-json\/wp\/v2\/types\/post"}],"author":[{"embeddable":true,"href":"https:\/\/linitiative.ca\/International\/wp-json\/wp\/v2\/users\/1789"}],"replies":[{"embeddable":true,"href":"https:\/\/linitiative.ca\/International\/wp-json\/wp\/v2\/comments?post=72143"}],"version-history":[{"count":0,"href":"https:\/\/linitiative.ca\/International\/wp-json\/wp\/v2\/posts\/72143\/revisions"}],"wp:featuredmedia":[{"embeddable":true,"href":"https:\/\/linitiative.ca\/International\/wp-json\/"}],"wp:attachment":[{"href":"https:\/\/linitiative.ca\/International\/wp-json\/wp\/v2\/media?parent=72143"}],"wp:term":[{"taxonomy":"category","embeddable":true,"href":"https:\/\/linitiative.ca\/International\/wp-json\/wp\/v2\/categories?post=72143"},{"taxonomy":"post_tag","embeddable":true,"href":"https:\/\/linitiative.ca\/International\/wp-json\/wp\/v2\/tags?post=72143"}],"curies":[{"name":"wp","href":"https:\/\/api.w.org\/{rel}","templated":true}]}}