{"id":72145,"date":"2020-01-04T14:57:24","date_gmt":"2020-01-04T19:57:24","guid":{"rendered":"https:\/\/linitiative.ca\/International\/le-parlement-libyen-rompt-les-relations-diplomatiques-avec-la-turquie-et-traduit-sarraj-devant-la-cour-pour-haute-trahison\/"},"modified":"2020-01-04T14:57:24","modified_gmt":"2020-01-04T19:57:24","slug":"le-parlement-libyen-rompt-les-relations-diplomatiques-avec-la-turquie-et-traduit-sarraj-devant-la-cour-pour-haute-trahison","status":"publish","type":"post","link":"https:\/\/linitiative.ca\/International\/le-parlement-libyen-rompt-les-relations-diplomatiques-avec-la-turquie-et-traduit-sarraj-devant-la-cour-pour-haute-trahison\/","title":{"rendered":"Le parlement libyen rompt les relations diplomatiques avec la Turquie et traduit Sarraj devant la cour pour haute trahison"},"content":{"rendered":"<div class=\"post-cont-in left relative\">\n<p>Le parlement libyen qui si\u00e8ge \u00e0 Tobrouk, a tenu, ce samedi, une r\u00e9union extraordinaire, au cours de laquelle il a vot\u00e9 les d\u00e9cisions suivantes\u00a0:<\/p>\n<div class=\"code-block code-block-1 c3\"><ins class=\"adsbygoogle c2\" data-ad-layout=\"in-article\" data-ad-format=\"fluid\" data-ad-client=\"ca-pub-2102118777505746\" data-ad-slot=\"7301775417\"\/> <\/div>\n<p>Annulation des accords entre le gouvernement Sarraj et la Turquie.<\/p>\n<p>Rupture des relations diplomatiques avec la Turquie<\/p>\n<p>Traduction de Fayez Sarraj devant le parquet pour r\u00e9pondre de l\u2019accusation de haute trahison.<\/p>\n<div class=\"swp_social_panel swp_horizontal_panel swp_flat_fresh swp_default_full_color swp_individual_full_color swp_other_full_color scale-100 scale-\" data-min-width=\"1100\" data-float-color=\"#ffffff\" data-float=\"bottom\" data-float-mobile=\"bottom\" data-transition=\"slide\">\n<div class=\"nc_tweetContainer swp_share_button total_shares total_sharesalt\"><span class=\"swp_count\">163 <span class=\"swp_label\">Partages<\/span><\/span><\/div>\n<\/div>\n<p><strong>Que se passe-t-il en Tunisie?<\/strong><br \/>Nous expliquons sur notre <a href=\"https:\/\/www.youtube.com\/channel\/UCRzypVq0B_yBad5eGrwBx0Q?sub_confirmation=1\" target=\"_blank\" rel=\"noopener noreferrer\">cha\u00eene YouTube<\/a> . <a href=\"https:\/\/www.youtube.com\/channel\/UCRzypVq0B_yBad5eGrwBx0Q?sub_confirmation=1\" target=\"_blank\" rel=\"noopener noreferrer\">Abonnez-vous!<\/a><\/p>\n<div class=\"mvp-org-wrap mvp-org-logo\" itemprop=\"publisher\" itemscope=\"\" itemtype=\"https:\/\/schema.org\/Organization\"><img decoding=\"async\" src=\"https:\/\/www.tunisienumerique.com\/wp-content\/uploads\/2017\/02\/logo_tunisie_numerique.png\"\/><\/div>\n<div class=\"mvp-related-posts left relative\">\n<h4 class=\"post-header\"><span class=\"post-header\">Lire aussi<\/span><\/h4>\n<\/div>\n<\/div>\n<p>Auteur: LM<br \/>\n<a href=\"https:\/\/www.tunisienumerique.com\/le-parlement-libyen-rompt-les-relations-diplomatiques-avec-la-turquie-et-traduit-sarraj-devant-la-cour-pour-haute-trahison\/\">Cliquez ici pour lire l&rsquo;article depuis sa source.<\/a><\/p>\n","protected":false},"excerpt":{"rendered":"<p>Le parlement libyen qui si\u00e8ge \u00e0 Tobrouk, a tenu, ce samedi, une r\u00e9union extraordinaire, au cours de laquelle il a vot\u00e9 les d\u00e9cisions suivantes\u00a0: Annulation des accords entre le gouvernement Sarraj et la Turquie. Rupture des relations diplomatiques avec la Turquie Traduction de Fayez Sarraj devant le parquet pour r\u00e9pondre de l\u2019accusation de haute trahison. [&hellip;]<\/p>\n","protected":false},"author":1789,"featured_media":72146,"comment_status":"closed","ping_status":"closed","sticky":false,"template":"","format":"standard","meta":{"fifu_image_url":"","fifu_image_alt":"","footnotes":""},"categories":[73,55],"tags":[],"class_list":["post-72145","post","type-post","status-publish","format-standard","has-post-thumbnail","hentry","category-actualite","category-tunisie"],"_links":{"self":[{"href":"https:\/\/linitiative.ca\/International\/wp-json\/wp\/v2\/posts\/72145","targetHints":{"allow":["GET"]}}],"collection":[{"href":"https:\/\/linitiative.ca\/International\/wp-json\/wp\/v2\/posts"}],"about":[{"href":"https:\/\/linitiative.ca\/International\/wp-json\/wp\/v2\/types\/post"}],"author":[{"embeddable":true,"href":"https:\/\/linitiative.ca\/International\/wp-json\/wp\/v2\/users\/1789"}],"replies":[{"embeddable":true,"href":"https:\/\/linitiative.ca\/International\/wp-json\/wp\/v2\/comments?post=72145"}],"version-history":[{"count":0,"href":"https:\/\/linitiative.ca\/International\/wp-json\/wp\/v2\/posts\/72145\/revisions"}],"wp:featuredmedia":[{"embeddable":true,"href":"https:\/\/linitiative.ca\/International\/wp-json\/"}],"wp:attachment":[{"href":"https:\/\/linitiative.ca\/International\/wp-json\/wp\/v2\/media?parent=72145"}],"wp:term":[{"taxonomy":"category","embeddable":true,"href":"https:\/\/linitiative.ca\/International\/wp-json\/wp\/v2\/categories?post=72145"},{"taxonomy":"post_tag","embeddable":true,"href":"https:\/\/linitiative.ca\/International\/wp-json\/wp\/v2\/tags?post=72145"}],"curies":[{"name":"wp","href":"https:\/\/api.w.org\/{rel}","templated":true}]}}