{"id":72147,"date":"2020-01-04T15:15:15","date_gmt":"2020-01-04T20:15:15","guid":{"rendered":"https:\/\/linitiative.ca\/International\/tunisie-audio-jemli-je-ne-changerai-aucun-nom-de-mon-gouvernement-avant-quil-nait-obtenu-la-confiance-a-larp\/"},"modified":"2020-01-04T15:15:15","modified_gmt":"2020-01-04T20:15:15","slug":"tunisie-audio-jemli-je-ne-changerai-aucun-nom-de-mon-gouvernement-avant-quil-nait-obtenu-la-confiance-a-larp","status":"publish","type":"post","link":"https:\/\/linitiative.ca\/International\/tunisie-audio-jemli-je-ne-changerai-aucun-nom-de-mon-gouvernement-avant-quil-nait-obtenu-la-confiance-a-larp\/","title":{"rendered":"Tunisie \u2013 AUDIO\u00a0: Jemli\u00a0: Je ne changerai aucun nom de mon gouvernement avant qu\u2019il n\u2019ait obtenu la confiance \u00e0 l\u2019ARP"},"content":{"rendered":"<div class=\"post-cont-in left relative\">\n<p>Le chef du gouvernement charg\u00e9, <a href=\"https:\/\/www.tunisienumerique.com\/tunisie-actualite\/habib-jemli\/\" title=\"Habib Jemli\" target=\"_top\" class=\"auto-link\" rel=\"noopener noreferrer\">Habib Jemli<\/a>, a annonc\u00e9, ce samedi, sur les ondes de Shems FM, qu\u2019il n\u2019y avait aucun malentendu entre lui et le pr\u00e9sident <a href=\"https:\/\/www.tunisienumerique.com\/tunisie-actualite\/kais-saied\/\" title=\"Ka\u00efs Sa\u00efed\" target=\"_top\" class=\"auto-link\" rel=\"noopener noreferrer\">Ka\u00efs Sa\u00efed<\/a>, et qu\u2019ils travaillent, tous les deux dans le respect mutuel et la symbiose totale. Il a d\u00e9menti, \u00e0 l\u2019occasion, que le pr\u00e9sident Ka\u00efs Sa\u00efed ait \u00e9mis la moindre r\u00e9serve concernant un ou plusieurs noms des membres du gouvernement, comme l\u2019avait affirm\u00e9 la charg\u00e9e de la communication \u00e0 la pr\u00e9sidence, Rachida Neifer. Il a ajout\u00e9 que les propos de Mme Neifer ont \u00e9t\u00e9 mal interpr\u00e9t\u00e9s par les gens.<\/p>\n<div class=\"code-block code-block-1 c3\"><ins class=\"adsbygoogle c2\" data-ad-layout=\"in-article\" data-ad-format=\"fluid\" data-ad-client=\"ca-pub-2102118777505746\" data-ad-slot=\"7301775417\"\/> <\/div>\n<p>Concernant la possibilit\u00e9 d\u2019op\u00e9rer des modifications sur la formation de son gouvernement, avant la s\u00e9ance du vote de confiance, Jemli a \u00e9cart\u00e9 cette \u00e9ventualit\u00e9. Il a affirm\u00e9 \u00eatre, compl\u00e8tement, convaincu que la formation qu\u2019il a pr\u00e9sent\u00e9e \u00e9tait la meilleure possible, et la plus \u00e0 m\u00eame de r\u00e9pondre aux attentes des tunisiens, notamment, en ce qui concerne les probl\u00e8mes \u00e9conomiques et sociaux.<\/p>\n<p>Jemli a ajout\u00e9 qu\u2019il ne modifiera pas un seul nom de son gouvernement, pour l\u2019instant, et qu\u2019il pourrait, \u00e9ventuellement, le faire, apr\u00e8s l\u2019obtention de la confiance des repr\u00e9sentants du peuple. A ce moment l\u00e0, a-t-il pr\u00e9cis\u00e9, il serait pr\u00eat \u00e0 revoir tout nom ou toute personnalit\u00e9 autour de laquelle il y aurait des r\u00e9serves.<br \/><iframe loading=\"lazy\" src=\"https:\/\/www.youtube.com\/embed\/VOfrORqnqDQ\" width=\"560\" height=\"315\" frameborder=\"0\" allowfullscreen=\"allowfullscreen\">[embedded content]<\/iframe><\/p>\n<div class=\"swp_social_panel swp_horizontal_panel swp_flat_fresh swp_default_full_color swp_individual_full_color swp_other_full_color scale-100 scale-\" data-min-width=\"1100\" data-float-color=\"#ffffff\" data-float=\"bottom\" data-float-mobile=\"bottom\" data-transition=\"slide\">\n<div class=\"nc_tweetContainer swp_share_button total_shares total_sharesalt\"><span class=\"swp_count\">14 <span class=\"swp_label\">Partages<\/span><\/span><\/div>\n<\/div>\n<p><strong>Que se passe-t-il en Tunisie?<\/strong><br \/>Nous expliquons sur notre <a href=\"https:\/\/www.youtube.com\/channel\/UCRzypVq0B_yBad5eGrwBx0Q?sub_confirmation=1\" target=\"_blank\" rel=\"noopener noreferrer\">cha\u00eene YouTube<\/a> . <a href=\"https:\/\/www.youtube.com\/channel\/UCRzypVq0B_yBad5eGrwBx0Q?sub_confirmation=1\" target=\"_blank\" rel=\"noopener noreferrer\">Abonnez-vous!<\/a><\/p>\n<div class=\"mvp-org-wrap mvp-org-logo\" itemprop=\"publisher\" itemscope=\"\" itemtype=\"https:\/\/schema.org\/Organization\"><img decoding=\"async\" src=\"https:\/\/www.tunisienumerique.com\/wp-content\/uploads\/2017\/02\/logo_tunisie_numerique.png\"\/><\/div>\n<div class=\"mvp-related-posts left relative\">\n<h4 class=\"post-header\"><span class=\"post-header\">Lire aussi<\/span><\/h4>\n<\/div>\n<\/div>\n<p>Auteur: LM<br \/>\n<a href=\"https:\/\/www.tunisienumerique.com\/tunisie-audio-jemli-je-ne-changerai-aucun-nom-de-mon-gouvernement-avant-quil-nait-obtenu-la-confiance-a-larp\/\">Cliquez ici pour lire l&rsquo;article depuis sa source.<\/a><\/p>\n","protected":false},"excerpt":{"rendered":"<p>Le chef du gouvernement charg\u00e9, Habib Jemli, a annonc\u00e9, ce samedi, sur les ondes de Shems FM, qu\u2019il n\u2019y avait aucun malentendu entre lui et le pr\u00e9sident Ka\u00efs Sa\u00efed, et qu\u2019ils travaillent, tous les deux dans le respect mutuel et la symbiose totale. Il a d\u00e9menti, \u00e0 l\u2019occasion, que le pr\u00e9sident Ka\u00efs Sa\u00efed ait \u00e9mis [&hellip;]<\/p>\n","protected":false},"author":1789,"featured_media":72148,"comment_status":"closed","ping_status":"closed","sticky":false,"template":"","format":"standard","meta":{"fifu_image_url":"","fifu_image_alt":"","footnotes":""},"categories":[73,55],"tags":[],"class_list":["post-72147","post","type-post","status-publish","format-standard","has-post-thumbnail","hentry","category-actualite","category-tunisie"],"_links":{"self":[{"href":"https:\/\/linitiative.ca\/International\/wp-json\/wp\/v2\/posts\/72147","targetHints":{"allow":["GET"]}}],"collection":[{"href":"https:\/\/linitiative.ca\/International\/wp-json\/wp\/v2\/posts"}],"about":[{"href":"https:\/\/linitiative.ca\/International\/wp-json\/wp\/v2\/types\/post"}],"author":[{"embeddable":true,"href":"https:\/\/linitiative.ca\/International\/wp-json\/wp\/v2\/users\/1789"}],"replies":[{"embeddable":true,"href":"https:\/\/linitiative.ca\/International\/wp-json\/wp\/v2\/comments?post=72147"}],"version-history":[{"count":0,"href":"https:\/\/linitiative.ca\/International\/wp-json\/wp\/v2\/posts\/72147\/revisions"}],"wp:featuredmedia":[{"embeddable":true,"href":"https:\/\/linitiative.ca\/International\/wp-json\/"}],"wp:attachment":[{"href":"https:\/\/linitiative.ca\/International\/wp-json\/wp\/v2\/media?parent=72147"}],"wp:term":[{"taxonomy":"category","embeddable":true,"href":"https:\/\/linitiative.ca\/International\/wp-json\/wp\/v2\/categories?post=72147"},{"taxonomy":"post_tag","embeddable":true,"href":"https:\/\/linitiative.ca\/International\/wp-json\/wp\/v2\/tags?post=72147"}],"curies":[{"name":"wp","href":"https:\/\/api.w.org\/{rel}","templated":true}]}}