{"id":72155,"date":"2020-01-04T12:50:02","date_gmt":"2020-01-04T17:50:02","guid":{"rendered":"https:\/\/linitiative.ca\/International\/en-iran-drapeaux-americains-brules-des-milliers-pleurent-le-general-soleimani\/"},"modified":"2020-01-04T12:50:02","modified_gmt":"2020-01-04T17:50:02","slug":"en-iran-drapeaux-americains-brules-des-milliers-pleurent-le-general-soleimani","status":"publish","type":"post","link":"https:\/\/linitiative.ca\/International\/en-iran-drapeaux-americains-brules-des-milliers-pleurent-le-general-soleimani\/","title":{"rendered":"En Iran, drapeaux am\u00e9ricains br\u00fbl\u00e9s, des milliers pleurent le g\u00e9n\u00e9ral Soleimani"},"content":{"rendered":"<div readability=\"32\">\n<p>Publi\u00e9 le 04.01.2020 \u00e0 18h50 par AFP<\/p>\n<\/div>\n<div readability=\"89\">\n<p>Des drapeaux am\u00e9ricains et isra\u00e9liens ont \u00e9t\u00e9 br\u00fbl\u00e9s samedi dans la capitale iranienne o\u00f9 des milliers de personnes pleurent la perte du puissant g\u00e9n\u00e9ral iranien Qassem Soleimani, assassin\u00e9 vendredi dans un raid am\u00e9ricain en Irak.<\/p>\n<p>\u00ab\u00a0Nous sommes avec vous\u00a0\u00bb, a scand\u00e9 la foule agitant les mains \u00e0 l\u2019unisson lors d\u2019un rassemblement sur la place de la Palestine \u00e0 T\u00e9h\u00e9ran, a rapport\u00e9 un correspondant de l\u2019AFP.<\/p>\n<p>Soleimani, 62 ans, chef de la Force Qods des Gardiens de la r\u00e9volution, charg\u00e9e des op\u00e9rations ext\u00e9rieures d\u2019Iran et architecte de la strat\u00e9gie iranienne au Moyen-Orient, a \u00e9t\u00e9 tu\u00e9 vendredi dans une frappe a\u00e9rienne am\u00e9ricaine devant l\u2019a\u00e9roport international de Bagdad.<\/p>\n<p>Sa mort a choqu\u00e9 la R\u00e9publique islamique et suscit\u00e9 des craintes d\u2019une nouvelle guerre au Moyen-Orient.<\/p>\n<p>Le guide supr\u00eame iranien, l\u2019ayatollah Ali Khamenei, a promis une \u00ab\u00a0vengeance s\u00e9v\u00e8re\u00a0\u00bb et d\u00e9cr\u00e9t\u00e9 trois jours de deuil.<\/p>\n<p>Lors du rassemblement de samedi \u00e0 T\u00e9h\u00e9ran, des manifestants ont brandi des pancartes appelant \u00e0 la \u00ab\u00a0vengeance\u00a0\u00bb tandis que des femmes v\u00eatues de noir tenaient des portraits de Soleimani et Khamenei.<\/p>\n<p>Un homme portant un masque est mont\u00e9 sur un monument en pierre tenant des drapeaux am\u00e9ricains et isra\u00e9liens en feu tandis que d\u2019autres scandaient \u00ab\u00a0Mort \u00e0 l\u2019Am\u00e9rique\u00a0\u00bb.<\/p>\n<p>\u00ab\u00a0Notre r\u00e9ponse sera certainement au-del\u00e0 du lancement de certains missiles ou de la destruction de certaines bases am\u00e9ricaines\u00a0\u00bb, a d\u00e9clar\u00e9 Milad Najafi, l\u2019un des manifestants en pleurs.<\/p>\n<p>\u00ab\u00a0Je pense que notre vengeance sera l\u2019an\u00e9antissement d\u2019Isra\u00ebl\u00a0\u00bb, a d\u00e9clar\u00e9 cet \u00e9tudiant \u00e0 l\u2019AFP. Un autre manifestant, Ali Gholinam, a rendu hommage \u00e0 Soleimani comme \u00ab\u00a0le plus grand homme que nous ayons eu\u00a0\u00bb.<\/p>\n<p>\u00ab\u00a0Les membres du +Front de la r\u00e9sistance+ pleurent maintenant ce grand homme\u00a0\u00bb, a-t-il d\u00e9clar\u00e9 \u00e0 l\u2019AFP, faisant r\u00e9f\u00e9rence aux alli\u00e9s de l\u2019Iran dans la r\u00e9gion. \u00ab\u00a0Je ne sais pas quelle pourrait \u00eatre la r\u00e9ponse, mais elle doit \u00eatre proportionnelle\u00a0\u00bb, a-t-il dit.<\/p>\n<p>Le corps de Qassem Soleimani doit \u00eatre transf\u00e9r\u00e9 en Iran dimanche avant les c\u00e9r\u00e9monies \u00e0 Ahvaz, T\u00e9h\u00e9ran, Machhad et Qom et il sera inhum\u00e9 dans sa ville natale de Kerman mardi.<\/p>\n<\/div>\n<p>Auteur: AFP<br \/>\n<a href=\"https:\/\/www.journalducameroun.com\/en-iran-drapeaux-americains-brules-des-milliers-pleurent-le-general-soleimani\/\">Cliquez ici pour lire l&rsquo;article depuis sa source.<\/a><\/p>\n","protected":false},"excerpt":{"rendered":"<p>Publi\u00e9 le 04.01.2020 \u00e0 18h50 par AFP Des drapeaux am\u00e9ricains et isra\u00e9liens ont \u00e9t\u00e9 br\u00fbl\u00e9s samedi dans la capitale iranienne o\u00f9 des milliers de personnes pleurent la perte du puissant g\u00e9n\u00e9ral iranien Qassem Soleimani, assassin\u00e9 vendredi dans un raid am\u00e9ricain en Irak. \u00ab\u00a0Nous sommes avec vous\u00a0\u00bb, a scand\u00e9 la foule agitant les mains \u00e0 l\u2019unisson [&hellip;]<\/p>\n","protected":false},"author":1965,"featured_media":0,"comment_status":"closed","ping_status":"closed","sticky":false,"template":"","format":"standard","meta":{"fifu_image_url":"","fifu_image_alt":"","footnotes":""},"categories":[73,82],"tags":[],"class_list":["post-72155","post","type-post","status-publish","format-standard","hentry","category-actualite","category-cameroun"],"_links":{"self":[{"href":"https:\/\/linitiative.ca\/International\/wp-json\/wp\/v2\/posts\/72155","targetHints":{"allow":["GET"]}}],"collection":[{"href":"https:\/\/linitiative.ca\/International\/wp-json\/wp\/v2\/posts"}],"about":[{"href":"https:\/\/linitiative.ca\/International\/wp-json\/wp\/v2\/types\/post"}],"author":[{"embeddable":true,"href":"https:\/\/linitiative.ca\/International\/wp-json\/wp\/v2\/users\/1965"}],"replies":[{"embeddable":true,"href":"https:\/\/linitiative.ca\/International\/wp-json\/wp\/v2\/comments?post=72155"}],"version-history":[{"count":0,"href":"https:\/\/linitiative.ca\/International\/wp-json\/wp\/v2\/posts\/72155\/revisions"}],"wp:attachment":[{"href":"https:\/\/linitiative.ca\/International\/wp-json\/wp\/v2\/media?parent=72155"}],"wp:term":[{"taxonomy":"category","embeddable":true,"href":"https:\/\/linitiative.ca\/International\/wp-json\/wp\/v2\/categories?post=72155"},{"taxonomy":"post_tag","embeddable":true,"href":"https:\/\/linitiative.ca\/International\/wp-json\/wp\/v2\/tags?post=72155"}],"curies":[{"name":"wp","href":"https:\/\/api.w.org\/{rel}","templated":true}]}}