{"id":72157,"date":"2020-01-04T13:50:04","date_gmt":"2020-01-04T18:50:04","guid":{"rendered":"https:\/\/linitiative.ca\/International\/hong-kong-pekin-nomme-un-nouveau-representant-pour-tenter-dendiguer-la-crise\/"},"modified":"2020-01-04T13:50:04","modified_gmt":"2020-01-04T18:50:04","slug":"hong-kong-pekin-nomme-un-nouveau-representant-pour-tenter-dendiguer-la-crise","status":"publish","type":"post","link":"https:\/\/linitiative.ca\/International\/hong-kong-pekin-nomme-un-nouveau-representant-pour-tenter-dendiguer-la-crise\/","title":{"rendered":"Hong Kong: P\u00e9kin nomme un nouveau repr\u00e9sentant pour tenter d\u2019endiguer la crise"},"content":{"rendered":"<div readability=\"32\">\n<p>Publi\u00e9 le 04.01.2020 \u00e0 19h50 par AFP<\/p>\n<\/div>\n<div readability=\"106\">\n<p>La Chine a annonc\u00e9 samedi le remplacement de son repr\u00e9sentant \u00e0 Hong Kong, un changement qui semble illustrer la volont\u00e9 de P\u00e9kin d\u2019une reprise en main dans le conflit qui s\u2019enlise avec les manifestants pro-d\u00e9mocratie dans le territoire autonome.<\/p>\n<p>Wang Zhimin, 62 ans, \u00ab\u00a0a \u00e9t\u00e9 d\u00e9mis de ses fonctions de directeur du Bureau de liaison\u00a0\u00bb pour les affaires de Hong Kong et a \u00e9t\u00e9 remplac\u00e9 par Luo Huining, a indiqu\u00e9 sans plus de pr\u00e9cisions la t\u00e9l\u00e9vision publique CCTV.<\/p>\n<p>Le Bureau de liaison, symbole de la pr\u00e9sence de P\u00e9kin \u00e0 Hong Kong, a \u00e9t\u00e9 vis\u00e9 \u00e0 plusieurs reprises par les manifestants en tant qu\u2019il repr\u00e9sente le pouvoir central dans l\u2019ancienne colonie britannique depuis sa r\u00e9trocession \u00e0 la Chine en 1997.<\/p>\n<p>En juillet, il avait notamment \u00e9t\u00e9 la cible de jets d\u2019\u0153ufs et de graffitis. P\u00e9kin avait alors d\u00e9nonc\u00e9 des actes \u00ab\u00a0absolument intol\u00e9rables\u00a0\u00bb et appel\u00e9 \u00e0 \u00ab\u00a0punir les coupables\u00a0\u00bb.<\/p>\n<p>Le nouveau chef du Bureau, Luo Huining, 65 ans, est l\u2019ancien responsable de la province du Shanxi (centre). Fin d\u00e9cembre, ce cadre du Parti a \u00e9t\u00e9 promu vice-pr\u00e9sident de la Commission des Affaires financi\u00e8res et \u00e9conomiques du Parlement chinois, selon les m\u00e9dias locaux.<\/p>\n<p>La cheffe de l\u2019ex\u00e9cutif hongkongais, Carrie Lam, a affirm\u00e9 dans un communiqu\u00e9 qu\u2019elle n\u2019avait \u00ab\u00a0aucun doute\u00a0\u00bb sur le fait que le nouveau repr\u00e9sentant du pouvoir chinois favoriserait \u00ab\u00a0l\u2019int\u00e9gration de Hong Kong dans le d\u00e9veloppement g\u00e9n\u00e9ral de la nation et une relation positive entre le continent et Hong Kong\u00a0\u00bb.<\/p>\n<p>\u2013 R\u00e9ponse \u00e9conomique \u2013<\/p>\n<p>Elle a aussi remerci\u00e9 Wang Zhimin pour le \u00ab\u00a0soutien sans faille\u00a0\u00bb qu\u2019il avait apport\u00e9 \u00e0 son gouvernement durant la crise.<\/p>\n<p>Sa nomination intervient alors que le territoire autonome est en proie depuis juin \u00e0 un conflit in\u00e9dit par sa dur\u00e9e et sa violence, que les autorit\u00e9s locales ne parviennent pas \u00e0 apaiser au grand dam de P\u00e9kin.<\/p>\n<p>Selon Lau Yui-siu, un commentateur politique, la Chine cherche une r\u00e9ponse \u00e9conomique \u00e0 une crise de nature politique. La nomination de M. Luo \u00ab\u00a0indique que P\u00e9kin va mettre l\u2019accent sur les politiques de d\u00e9veloppement \u00e9conomique, l\u2019am\u00e9lioration des conditions de vie des gens et l\u2019int\u00e9gration\u00a0\u00bb de Hong Kong, estime-t-il.<\/p>\n<p>Luo Huining \u00ab\u00a0a dirig\u00e9 certaines provinces d\u00e9favoris\u00e9es (\u2026) et cela lui a permis d\u2019acqu\u00e9rir une exp\u00e9rience diff\u00e9rente de celle de fonctionnaires ayant une formation en droit et en politique comme Wang Zhimin\u00a0\u00bb, son pr\u00e9d\u00e9cesseur, indique-t-il \u00e0 l\u2019AFP.<\/p>\n<p>En vertu du principe \u00ab\u00a0Un pays, deux syst\u00e8mes\u00a0\u00bb, Hong Kong jouit en th\u00e9orie jusqu\u2019en 2047 d\u2019une semi-autonomie et de libert\u00e9s tr\u00e8s \u00e9tendues n\u2019existant pas en Chine continentale, comme une justice ind\u00e9pendante et la libert\u00e9 d\u2019expression.<\/p>\n<p>Mais le territoire de plus de 7 millions d\u2019habitants est secou\u00e9 depuis juin par des manifestations, souvent violentes, de militants qui d\u00e9noncent l\u2019ing\u00e9rence jug\u00e9e grandissante de P\u00e9kin dans ses affaires et exigent des r\u00e9formes d\u00e9mocratiques.<\/p>\n<\/div>\n<p>Auteur: AFP<br \/>\n<a href=\"https:\/\/www.journalducameroun.com\/hong-kong-pekin-nomme-un-nouveau-representant-pour-tenter-dendiguer-la-crise\/\">Cliquez ici pour lire l&rsquo;article depuis sa source.<\/a><\/p>\n","protected":false},"excerpt":{"rendered":"<p>Publi\u00e9 le 04.01.2020 \u00e0 19h50 par AFP La Chine a annonc\u00e9 samedi le remplacement de son repr\u00e9sentant \u00e0 Hong Kong, un changement qui semble illustrer la volont\u00e9 de P\u00e9kin d\u2019une reprise en main dans le conflit qui s\u2019enlise avec les manifestants pro-d\u00e9mocratie dans le territoire autonome. Wang Zhimin, 62 ans, \u00ab\u00a0a \u00e9t\u00e9 d\u00e9mis de ses [&hellip;]<\/p>\n","protected":false},"author":1965,"featured_media":0,"comment_status":"closed","ping_status":"closed","sticky":false,"template":"","format":"standard","meta":{"fifu_image_url":"","fifu_image_alt":"","footnotes":""},"categories":[73,82],"tags":[],"class_list":["post-72157","post","type-post","status-publish","format-standard","hentry","category-actualite","category-cameroun"],"_links":{"self":[{"href":"https:\/\/linitiative.ca\/International\/wp-json\/wp\/v2\/posts\/72157","targetHints":{"allow":["GET"]}}],"collection":[{"href":"https:\/\/linitiative.ca\/International\/wp-json\/wp\/v2\/posts"}],"about":[{"href":"https:\/\/linitiative.ca\/International\/wp-json\/wp\/v2\/types\/post"}],"author":[{"embeddable":true,"href":"https:\/\/linitiative.ca\/International\/wp-json\/wp\/v2\/users\/1965"}],"replies":[{"embeddable":true,"href":"https:\/\/linitiative.ca\/International\/wp-json\/wp\/v2\/comments?post=72157"}],"version-history":[{"count":0,"href":"https:\/\/linitiative.ca\/International\/wp-json\/wp\/v2\/posts\/72157\/revisions"}],"wp:attachment":[{"href":"https:\/\/linitiative.ca\/International\/wp-json\/wp\/v2\/media?parent=72157"}],"wp:term":[{"taxonomy":"category","embeddable":true,"href":"https:\/\/linitiative.ca\/International\/wp-json\/wp\/v2\/categories?post=72157"},{"taxonomy":"post_tag","embeddable":true,"href":"https:\/\/linitiative.ca\/International\/wp-json\/wp\/v2\/tags?post=72157"}],"curies":[{"name":"wp","href":"https:\/\/api.w.org\/{rel}","templated":true}]}}