{"id":72158,"date":"2020-01-04T15:50:03","date_gmt":"2020-01-04T20:50:03","guid":{"rendered":"https:\/\/linitiative.ca\/International\/pas-de-guerre-contre-liran-des-manifestants-defilent-aux-etats-unis\/"},"modified":"2020-01-04T15:50:03","modified_gmt":"2020-01-04T20:50:03","slug":"pas-de-guerre-contre-liran-des-manifestants-defilent-aux-etats-unis","status":"publish","type":"post","link":"https:\/\/linitiative.ca\/International\/pas-de-guerre-contre-liran-des-manifestants-defilent-aux-etats-unis\/","title":{"rendered":"\u00ab\u00a0Pas de guerre contre l\u2019Iran\u00a0\u00bb: des manifestants d\u00e9filent aux Etats-Unis"},"content":{"rendered":"<div readability=\"32\">\n<p>Publi\u00e9 le 04.01.2020 \u00e0 21h50 par AFP<\/p>\n<\/div>\n<div readability=\"97\">\n<p>En scandant \u00ab\u00a0pas de guerre contre l\u2019Iran\u00a0\u00bb et \u00ab\u00a0les USA hors du Proche-Orient\u00a0\u00bb, des manifestants se sont rassembl\u00e9s samedi \u00e0 Washington, New York et \u00e0 travers les Etats-Unis apr\u00e8s la frappe am\u00e9ricaine qui a tu\u00e9 le puissant g\u00e9n\u00e9ral iranien Qassem Soleimani.<\/p>\n<p>Devant la Maison Blanche, ils \u00e9taient environ 200 \u00e0 se rassembler \u00e0 l\u2019appel d\u2019organisations de gauche. Derri\u00e8re le mot d\u2019ordre \u00ab\u00a0Retrait des USA d\u2019Irak maintenant! Et pas de guerre et de sanctions contre l\u2019Iran!\u00a0\u00bb, elles avaient convoqu\u00e9 ces manifestations dans quelque 70 villes.<\/p>\n<p>\u00ab\u00a0Nous ne permettrons pas que notre pays soit entra\u00een\u00e9 dans une autre guerre inconsciente\u00a0\u00bb, a lanc\u00e9 l\u2019un des organisateurs \u00e0 la petite foule, qui s\u2019est ensuite dirig\u00e9e vers l\u2019h\u00f4tel Trump, non loin de la Maison Blanche.<\/p>\n<p>\u00ab\u00a0Besoin de d\u00e9tourner l\u2019attention? D\u00e9clenchez une guerre\u00a0\u00bb, pouvait-on lire sur la pancarte brandie par Sam Crook, \u00e2g\u00e9 de 66 ans, qui se disait \u00ab\u00a0inquiet\u00a0\u00bb.<\/p>\n<p>\u00ab\u00a0Ce pays est entre les mains de quelqu\u2019un qui n\u2019est pas stable mentalement, Donald Trump\u00a0\u00bb, a-t-il d\u00e9clar\u00e9 \u00e0 l\u2019AFP. \u00ab\u00a0J\u2019ai peur qu\u2019il d\u00e9clenche par inadvertance \u2014 je pense qu\u2019il ne le veut pas vraiment \u2014 une v\u00e9ritable d\u00e9flagration au Proche-Orient\u00a0\u00bb.<\/p>\n<p>Shirin, une Irano-Am\u00e9ricaine \u00e2g\u00e9e de 31 ans qui a pr\u00e9f\u00e9r\u00e9 ne pas donner son nom de famille, s\u2019est aussi dite \u00ab\u00a0inqui\u00e8te de la possibilit\u00e9 d\u2019une guerre avec l\u2019Iran\u00a0\u00bb.<\/p>\n<p>\u00ab\u00a0On a d\u00e9j\u00e0 d\u00e9pens\u00e9 des trillions de dollars pour mener des guerres injustes en Irak (\u2026) et en Afghanistan, et \u00e0 quoi cela a-t-il men\u00e9?\u00a0\u00bb, a-t-elle expliqu\u00e9, en ajoutant que l\u2019Iran en \u00e9tait notamment sorti renforc\u00e9, devenant une \u00ab\u00a0force politique, sociale et culturelle majeure en Irak\u00a0\u00bb.<\/p>\n<p>Sur Times Square, \u00e0 New York, les manifestants ont d\u00e9fil\u00e9 en brandissant aussi des panneaux appelant \u00e0 ne pas entrer en \u00ab\u00a0guerre contre l\u2019Iran\u00a0\u00bb et \u00e0 retirer les troupes am\u00e9ricaines d\u2019Irak.<\/p>\n<p>\u00ab\u00a0La guerre n\u2019est pas une strat\u00e9gie de r\u00e9\u00e9lection\u00a0\u00bb, pouvait-on lire sur un panneau.<\/p>\n<p>Des rassemblements \u00e9taient \u00e9galement organis\u00e9s samedi \u00e0 Chicago devant l\u2019immeuble Trump Tower ou encore \u00e0 Los Angeles.<\/p>\n<p>C\u2019est une frappe ordonn\u00e9e par Donald Trump qui a tu\u00e9 vendredi \u00e0 Bagdad le puissant g\u00e9n\u00e9ral iranien Qassem Soleimani et l\u2019homme de l\u2019Iran en Irak, Abou Mehdi al-Mouhandis.<\/p>\n<p>La communaut\u00e9 internationale redoute d\u00e9sormais une d\u00e9flagration, apr\u00e8s une escalade verbale et des appels \u00e0 la vengeance. Washington a annonc\u00e9 le d\u00e9ploiement de 3.000 \u00e0 3.500 soldats suppl\u00e9mentaires dans la r\u00e9gion.<\/p>\n<\/div>\n<p>Auteur: AFP<br \/>\n<a href=\"https:\/\/www.journalducameroun.com\/pas-de-guerre-contre-liran-des-manifestants-defilent-aux-etats-unis\/\">Cliquez ici pour lire l&rsquo;article depuis sa source.<\/a><\/p>\n","protected":false},"excerpt":{"rendered":"<p>Publi\u00e9 le 04.01.2020 \u00e0 21h50 par AFP En scandant \u00ab\u00a0pas de guerre contre l\u2019Iran\u00a0\u00bb et \u00ab\u00a0les USA hors du Proche-Orient\u00a0\u00bb, des manifestants se sont rassembl\u00e9s samedi \u00e0 Washington, New York et \u00e0 travers les Etats-Unis apr\u00e8s la frappe am\u00e9ricaine qui a tu\u00e9 le puissant g\u00e9n\u00e9ral iranien Qassem Soleimani. Devant la Maison Blanche, ils \u00e9taient environ [&hellip;]<\/p>\n","protected":false},"author":1965,"featured_media":0,"comment_status":"closed","ping_status":"closed","sticky":false,"template":"","format":"standard","meta":{"fifu_image_url":"","fifu_image_alt":"","footnotes":""},"categories":[73,82],"tags":[],"class_list":["post-72158","post","type-post","status-publish","format-standard","hentry","category-actualite","category-cameroun"],"_links":{"self":[{"href":"https:\/\/linitiative.ca\/International\/wp-json\/wp\/v2\/posts\/72158","targetHints":{"allow":["GET"]}}],"collection":[{"href":"https:\/\/linitiative.ca\/International\/wp-json\/wp\/v2\/posts"}],"about":[{"href":"https:\/\/linitiative.ca\/International\/wp-json\/wp\/v2\/types\/post"}],"author":[{"embeddable":true,"href":"https:\/\/linitiative.ca\/International\/wp-json\/wp\/v2\/users\/1965"}],"replies":[{"embeddable":true,"href":"https:\/\/linitiative.ca\/International\/wp-json\/wp\/v2\/comments?post=72158"}],"version-history":[{"count":0,"href":"https:\/\/linitiative.ca\/International\/wp-json\/wp\/v2\/posts\/72158\/revisions"}],"wp:attachment":[{"href":"https:\/\/linitiative.ca\/International\/wp-json\/wp\/v2\/media?parent=72158"}],"wp:term":[{"taxonomy":"category","embeddable":true,"href":"https:\/\/linitiative.ca\/International\/wp-json\/wp\/v2\/categories?post=72158"},{"taxonomy":"post_tag","embeddable":true,"href":"https:\/\/linitiative.ca\/International\/wp-json\/wp\/v2\/tags?post=72158"}],"curies":[{"name":"wp","href":"https:\/\/api.w.org\/{rel}","templated":true}]}}