{"id":72159,"date":"2020-01-04T16:18:03","date_gmt":"2020-01-04T21:18:03","guid":{"rendered":"https:\/\/linitiative.ca\/International\/condamne-en-cote-divoire-ble-goude-decide-de-saisir-la-cour-africaine-la-cour-europeenne-et-la-cpi\/"},"modified":"2020-01-04T16:18:03","modified_gmt":"2020-01-04T21:18:03","slug":"condamne-en-cote-divoire-ble-goude-decide-de-saisir-la-cour-africaine-la-cour-europeenne-et-la-cpi","status":"publish","type":"post","link":"https:\/\/linitiative.ca\/International\/condamne-en-cote-divoire-ble-goude-decide-de-saisir-la-cour-africaine-la-cour-europeenne-et-la-cpi\/","title":{"rendered":"Condamn\u00e9 en C\u00f4te d\u2019Ivoire, Bl\u00e9 Goud\u00e9 d\u00e9cide de saisir la Cour africaine, la Cour europ\u00e9enne et la CPI"},"content":{"rendered":"<div readability=\"32\">\n<p>Publi\u00e9 le 04.01.2020 \u00e0 22h18 par APA News<\/p>\n<\/div>\n<div readability=\"107\">\n<p>Condamn\u00e9 par contumace, \u00e0 20 ans d\u2019emprisonnement, par le tribunal criminel d\u2019Abidjan-Plateau, Charles Bl\u00e9 Goud\u00e9, a d\u00e9cid\u00e9 de saisir la Cour africaine des droits de l\u2019Homme et des peuples, la Cour europ\u00e9enne des droits de l\u2019Homme et la Cour p\u00e9nale internationale (CPI), dans une adresse aux Ivoiriens via Facebook samedi, \u00e0 l\u2019occasion du nouvel an.\u00ab Apr\u00e8s concertation avec mes avocats, j\u2019ai d\u00e9cid\u00e9 de saisir les institutions suivantes : la Cour africaine des droits de l\u2019Homme et des peuples, la Cour europ\u00e9enne des droits de l\u2019Homme et la Cour p\u00e9nale internationale afin que force revienne au droit \u00bb, a d\u00e9clar\u00e9 Bl\u00e9 Goud\u00e9. \u00a0<\/p>\n<p>Il a fait remarque qu\u2019il \u00ab ne veut braver personne, mais engage cette initiative afin qu\u2019 il ne soit plus permis, jamais, que le r\u00e9gime d\u2019Abidjan pi\u00e9tine permanemment (les) droits et (les) libert\u00e9s comme bon lui semble \u00bb. \u00a0<\/p>\n<p>Les autorit\u00e9s ivoiriennes \u00ab savent bien que je suis ici \u00e0 La Haye, au Pays-Bas, depuis plus de six ans, par leur volont\u00e9 de me voir r\u00e9pondre des faits post\u00e9lectoraux devant la Cour p\u00e9nale internationale \u00bb, a ajout\u00e9 l\u2019ex-chef des \u00ab Jeunes patriotes \u00bb ivoiriens.<\/p>\n<p>Concernant les faits de meurtres et de viols qui lui sont reproch\u00e9s par la justice ivoirienne, M. Bl\u00e9 Goud\u00e9 a insist\u00e9 avoir \u00e9t\u00e9 \u00ab condamn\u00e9 de mani\u00e8re exp\u00e9ditive en moins d\u2019une journ\u00e9e de proc\u00e8s \u00bb sans qu\u2019il ait de t\u00e9moins \u00e0 la barre.\u00a0<\/p>\n<p>\u00ab Est-il besoin pour moi de rappeler que ces m\u00eames faits relatifs \u00e0 la p\u00e9riode post-\u00e9lectorale (ivoirienne de 2010-2011), j\u2019ai d\u00e9j\u00e0 \u00e9t\u00e9 jug\u00e9 et acquitt\u00e9 par la CPI \u00e0 l\u2019issue de cinq ann\u00e9es de proc\u00e9dure, encore pendante et qui me maintient encore \u00e0 La Haye \u00bb, a-t-il poursuivi.\u00a0<\/p>\n<p>Les d\u00e9bats au niveau de la Cour p\u00e9nale internationale, soulignera-t-il, ont \u00e9t\u00e9 publics, le monde entier en est t\u00e9moin, les autorit\u00e9s de son pays aussi, \u00ab \u00e0 moins de faire preuve d\u2019un aveuglement volontaire \u00bb vis-\u00e0-vis de ce proc\u00e8s.<\/p>\n<p>M. Bl\u00e9 Goud\u00e9 s\u2019est interrog\u00e9 de savoir si c\u2019est cela donc \u00ab le sens de l\u2019expression tout est boucl\u00e9, tout est g\u00e9r\u00e9, tout est cal\u00e9 \u00a0(en allusion \u00e0 la pr\u00e9sidentielle de 2020), devenue aujourd\u2019hui le slogan du Rhdp (Rassemblement des Houphou\u00ebtistes pour la d\u00e9mocratie et la paix), le parti au pouvoir \u00bb.\u00a0<\/p>\n<p>\u00ab Face \u00e0 cet harc\u00e8lement judiciaire dont je suis l\u2019objet, face \u00e0 cette instrumentalisation de la justice, dans le seul but de m\u2019\u00e9carter en tant qu\u2019adversaire politique du d\u00e9bat dans mon pays, je n\u2019ai pour seul recours que le droit \u00bb, a-t-il dit. \u00a0<\/p>\n<p>Le pr\u00e9sident du Congr\u00e8s panafricain pour la justice et l\u2019\u00e9galit\u00e9 des peuples (Cojep), Bl\u00e9 Goud\u00e9, a \u00e9t\u00e9 condamn\u00e9 lundi par le tribunal criminel d\u2019Abidjan-Plateau \u00e0 20 ans de prison ferme, avec 10 ans de privation de ses droits civiques et un mandat d\u2019arr\u00eat \u00e9mis contre lui, dans le cadre de la crise post\u00e9lectorale ivoirienne de 2010-2011.<\/p>\n<\/div>\n<p>Auteur: APA News<br \/>\n<a href=\"https:\/\/www.journalducameroun.com\/condamne-en-cote-divoire-ble-goude-decide-de-saisir-la-cour-africaine-la-cour-europeenne-et-la-cpi\/\">Cliquez ici pour lire l&rsquo;article depuis sa source.<\/a><\/p>\n","protected":false},"excerpt":{"rendered":"<p>Publi\u00e9 le 04.01.2020 \u00e0 22h18 par APA News Condamn\u00e9 par contumace, \u00e0 20 ans d\u2019emprisonnement, par le tribunal criminel d\u2019Abidjan-Plateau, Charles Bl\u00e9 Goud\u00e9, a d\u00e9cid\u00e9 de saisir la Cour africaine des droits de l\u2019Homme et des peuples, la Cour europ\u00e9enne des droits de l\u2019Homme et la Cour p\u00e9nale internationale (CPI), dans une adresse aux Ivoiriens [&hellip;]<\/p>\n","protected":false},"author":1965,"featured_media":0,"comment_status":"closed","ping_status":"closed","sticky":false,"template":"","format":"standard","meta":{"fifu_image_url":"","fifu_image_alt":"","footnotes":""},"categories":[73,82],"tags":[],"class_list":["post-72159","post","type-post","status-publish","format-standard","hentry","category-actualite","category-cameroun"],"_links":{"self":[{"href":"https:\/\/linitiative.ca\/International\/wp-json\/wp\/v2\/posts\/72159","targetHints":{"allow":["GET"]}}],"collection":[{"href":"https:\/\/linitiative.ca\/International\/wp-json\/wp\/v2\/posts"}],"about":[{"href":"https:\/\/linitiative.ca\/International\/wp-json\/wp\/v2\/types\/post"}],"author":[{"embeddable":true,"href":"https:\/\/linitiative.ca\/International\/wp-json\/wp\/v2\/users\/1965"}],"replies":[{"embeddable":true,"href":"https:\/\/linitiative.ca\/International\/wp-json\/wp\/v2\/comments?post=72159"}],"version-history":[{"count":0,"href":"https:\/\/linitiative.ca\/International\/wp-json\/wp\/v2\/posts\/72159\/revisions"}],"wp:attachment":[{"href":"https:\/\/linitiative.ca\/International\/wp-json\/wp\/v2\/media?parent=72159"}],"wp:term":[{"taxonomy":"category","embeddable":true,"href":"https:\/\/linitiative.ca\/International\/wp-json\/wp\/v2\/categories?post=72159"},{"taxonomy":"post_tag","embeddable":true,"href":"https:\/\/linitiative.ca\/International\/wp-json\/wp\/v2\/tags?post=72159"}],"curies":[{"name":"wp","href":"https:\/\/api.w.org\/{rel}","templated":true}]}}