{"id":72162,"date":"2020-01-05T04:42:57","date_gmt":"2020-01-05T09:42:57","guid":{"rendered":"https:\/\/linitiative.ca\/International\/autriche-les-verts-sallient-a-la-droite-conservatrice\/"},"modified":"2020-01-05T04:42:57","modified_gmt":"2020-01-05T09:42:57","slug":"autriche-les-verts-sallient-a-la-droite-conservatrice","status":"publish","type":"post","link":"https:\/\/linitiative.ca\/International\/autriche-les-verts-sallient-a-la-droite-conservatrice\/","title":{"rendered":"Autriche: Les Verts s\u2019allient \u00e0 la droite conservatrice\u2026"},"content":{"rendered":"<p class=\"has-text-color has-vivid-cyan-blue-color\"><strong>\u00abLe parti \u00d6VP et les Verts se sont entendus sur un programme de gouvernement\u00bb. C\u2019est ce qu\u2019a annonc\u00e9, ce mercredi, un responsable des \u00abVerts\u00bb autrichiens apr\u00e8s que sa formation ait sign\u00e9 un accord avec le leader du Parti populaire (\u00d6VP), le jeune dirigeant chr\u00e9tien-d\u00e9mocrate Sebastian Kurz, qui avait remport\u00e9 les l\u00e9gislatives du 29 septembre 2019 avec 37,5% des voix sans, toutefois, obtenir de majorit\u00e9 absolue.<\/strong><\/p>\n<p>\u00abLes n\u00e9gociations n\u2019ont pas \u00e9t\u00e9 faciles car les deux partis ont des orientations programmatiques tr\u00e8s diff\u00e9rentes mais nous avons obtenu un r\u00e9sultat excellent (\u2026) Il est possible de faire baisser les imp\u00f4ts tout en \u00e9cologisant le syst\u00e8me fiscal, de prot\u00e9ger le climat et les fronti\u00e8res en m\u00eame temps\u00bb a reconnu le dirigeant de l\u2019\u00d6VP, ce poids lourd de la politique nationale autrichienne, dont l\u2019alliance avec le parti des Verts, \u00abDie Gr\u00fcnen\u00bb, qui a enregistr\u00e9 une perc\u00e9e aux derni\u00e8res \u00e9lections mais qui n\u2019avait jamais gouvern\u00e9 auparavant, va permettre \u00e0 Sebastian Kurz de r\u00e9cup\u00e9rer la chancellerie qu\u2019il avait perdue en Mai dernier.<\/p>\n<p>Werner Kogler, le leader des Verts a affirm\u00e9, pour sa part, que sa formation politique qui a pris ses \u00abresponsabilit\u00e9s\u00bb a conclu un accord qui lui a permis d\u2019obtenir \u00abplus que ce qui \u00e9tait esp\u00e9r\u00e9\u00bb en mati\u00e8re de protection de l\u2019environnement ajoutant m\u00eame que \u00abl\u2019Autriche pourra devenir un pionnier europ\u00e9en et mondial de la lutte contre le changement climatique\u00bb tout en oeuvrant pour l\u2019 \u00ab\u00e9quit\u00e9 sociale\u00bb et la \u00abtransparence\u00bb.<\/p>\n<p>Et m\u00eame si les deux responsables politiques n\u2019ont pas donn\u00e9 de plus amples informations quant \u00e0 leur programme qui, avant d\u2019\u00eatre rendu public, devra \u00eatre approuv\u00e9 lors du congr\u00e8s extraordinaire des Verts qui se tiendra ce samedi, on peut, d\u2019ores et d\u00e9j\u00e0, signaler que le jeune chancelier a manifest\u00e9 sa volont\u00e9 de \u00abpoursuivre les baisses d\u2019imp\u00f4ts\u00bb et de \u00ablutter contre l\u2019immigration ill\u00e9gale\u00bb et que, bien que l\u2019\u00d6VP dominera largement la nouvelle \u00e9quipe minist\u00e9rielle qui prendra ses fonctions ce lundi, les Verts d\u00e9crocheront quatre portefeuilles minist\u00e9riels parmi lesquels un \u00absuper-minist\u00e8re\u00bb regroupant l\u2019Environnement, les Transports, l\u2019Energie et la Technologie qui sera confi\u00e9 \u00e0 la d\u00e9put\u00e9 Leonore Gewessler, ancienne dirigeante de l\u2019une des principales organisations autrichiennes de d\u00e9fense de l\u2019environnement.<\/p>\n<p>Parmi les autres attributions des Verts, on pourrait, \u00e9galement, citer la Justice, les Affaires sociales et la Culture \u00e9tant entendu que le parti populaire \u00d6VP gardera la main sur les minist\u00e8res de l\u2019Int\u00e9rieur, des Finances et des Affaires \u00e9trang\u00e8res.<\/p>\n<p>Dans un contexte o\u00f9 le changement climatique figure au c\u0153ur des pr\u00e9occupations mondiales, la nouvelle alliance gouvernementale choisie par Vienne entre un chancelier partisan d\u2019une ligne dure sur l\u2019immigration et ces m\u00eames \u00e9cologistes qui furent ses plus virulents opposants lorsqu\u2019il s\u2019\u00e9tait alli\u00e9 \u00e0 l\u2019extr\u00eame-droite va, n\u00e9anmoins, permettre \u00e0 l\u2019Autriche de rejoindre les Etats du quator europ\u00e9en form\u00e9 de la Su\u00e8de, de la Finlande, de la Lituanie et du Luxembourg o\u00f9 les \u00e9cologistes participent au gouvernement.<\/p>\n<p>Pour rappel, l\u2019alliance entre l\u2019\u00d6VP et l\u2019extr\u00eame-droite avait vol\u00e9 en \u00e9clat au bout de 18 mois; quelques heures \u00e0 peine apr\u00e8s la diffusion par \u00abDer Spiegel\u00bb et la \u00abS\u00fcddeutsche Zeitung\u00bb, d\u2019une vid\u00e9o film\u00e9e, durant l\u2019\u00e9t\u00e9 2017, \u00e0 l\u2019insu du vice-chancelier autrichien, Heinz-Christian Strache, leader nationaliste \u00e0 la t\u00eate du FP\u00d6 depuis 2005, dans une villa sise \u00e0 Ibiza; une vid\u00e9o dans laquelle on voit le dirigeant autrichien \u00e9voquer son enti\u00e8re disposition \u00e0 octroyer des march\u00e9s publics \u00e0 un oligarque russe en \u00e9change de financements au profit de sa formation politique. Ce scandale a pris, pour la post\u00e9rit\u00e9, le nom d\u2019\u00abIbizagate\u00bb.<\/p>\n<p>La nouvelle alliance du jeune chancelier conservateur autrichien Sebastian Kurz avec les \u00e9cologistes aura-t-elle une esp\u00e9rance de vie plus longue que la pr\u00e9c\u00e9dente ? Attendons pour voir\u2026<\/p>\n<p class=\"c2\"><strong>Nabil El Bousaadi<\/strong><\/p>\n<p>Auteur: M&rsquo;hammed rahal<br \/>\n<a href=\"http:\/\/albayane.press.ma\/autriche-les-verts-sallient-a-la-droite-conservatrice.html\">Cliquez ici pour lire l&rsquo;article depuis sa source.<\/a><\/p>\n","protected":false},"excerpt":{"rendered":"<p>\u00abLe parti \u00d6VP et les Verts se sont entendus sur un programme de gouvernement\u00bb. C\u2019est ce qu\u2019a annonc\u00e9, ce mercredi, un responsable des \u00abVerts\u00bb autrichiens apr\u00e8s que sa formation ait sign\u00e9 un accord avec le leader du Parti populaire (\u00d6VP), le jeune dirigeant chr\u00e9tien-d\u00e9mocrate Sebastian Kurz, qui avait remport\u00e9 les l\u00e9gislatives du 29 septembre 2019 [&hellip;]<\/p>\n","protected":false},"author":1760,"featured_media":0,"comment_status":"closed","ping_status":"closed","sticky":false,"template":"","format":"standard","meta":{"fifu_image_url":"","fifu_image_alt":"","footnotes":""},"categories":[73,54],"tags":[],"class_list":["post-72162","post","type-post","status-publish","format-standard","hentry","category-actualite","category-maroc"],"_links":{"self":[{"href":"https:\/\/linitiative.ca\/International\/wp-json\/wp\/v2\/posts\/72162","targetHints":{"allow":["GET"]}}],"collection":[{"href":"https:\/\/linitiative.ca\/International\/wp-json\/wp\/v2\/posts"}],"about":[{"href":"https:\/\/linitiative.ca\/International\/wp-json\/wp\/v2\/types\/post"}],"author":[{"embeddable":true,"href":"https:\/\/linitiative.ca\/International\/wp-json\/wp\/v2\/users\/1760"}],"replies":[{"embeddable":true,"href":"https:\/\/linitiative.ca\/International\/wp-json\/wp\/v2\/comments?post=72162"}],"version-history":[{"count":0,"href":"https:\/\/linitiative.ca\/International\/wp-json\/wp\/v2\/posts\/72162\/revisions"}],"wp:attachment":[{"href":"https:\/\/linitiative.ca\/International\/wp-json\/wp\/v2\/media?parent=72162"}],"wp:term":[{"taxonomy":"category","embeddable":true,"href":"https:\/\/linitiative.ca\/International\/wp-json\/wp\/v2\/categories?post=72162"},{"taxonomy":"post_tag","embeddable":true,"href":"https:\/\/linitiative.ca\/International\/wp-json\/wp\/v2\/tags?post=72162"}],"curies":[{"name":"wp","href":"https:\/\/api.w.org\/{rel}","templated":true}]}}