{"id":72165,"date":"2020-01-05T05:18:31","date_gmt":"2020-01-05T10:18:31","guid":{"rendered":"https:\/\/linitiative.ca\/International\/le-raja-avec-une-formation-amoindrie-en-algerie\/"},"modified":"2020-01-05T05:18:31","modified_gmt":"2020-01-05T10:18:31","slug":"le-raja-avec-une-formation-amoindrie-en-algerie","status":"publish","type":"post","link":"https:\/\/linitiative.ca\/International\/le-raja-avec-une-formation-amoindrie-en-algerie\/","title":{"rendered":"Le Raja avec une formation amoindrie en Alg\u00e9rie"},"content":{"rendered":"<p class=\"has-text-color has-vivid-cyan-blue-color\"><strong>Le Raja de Casablanca rencontre son homologue du Mouloudia Alger ce samedi au stade Mustapha-Tchaker de Blida (20h00), pour le compte du match \u00aballer\u00bb des quarts de finale de la Coupe arabe Mohammed VI. Le match \u00abretour\u00bb est pr\u00e9vu le 9 f\u00e9vrier \u00e0 Casablanca.<\/strong><\/p>\n<p>Le Raja a fait le d\u00e9placement en Alg\u00e9rie, jeudi dernier, avec une formation amoindrie par l\u2019absence de pas moins de trois joueurs pour cause de blessure. Il s\u2019agit des attaquants Hamid Ahaddad et Ayoub Nanah ainsi que l\u2019arri\u00e8re gauche camerounais Fabrice Ngah.<\/p>\n<p>Le Raja pourrait \u00e9galement \u00eatre priv\u00e9 de son vice-capitaine, Badr Benoun, qui fait partie du voyage en Alg\u00e9rie mais qui est en train de retrouver sa forme en revenant d\u2019une longue p\u00e9riode de r\u00e9\u00e9ducation apr\u00e8s sa blessure lors match perdu (0-2) \u00e0 domicile en Ligue des Champions contre l\u2019Esp\u00e9rance de Tunis, pour le compte de la premi\u00e8re journ\u00e9e de la phase de poules de la Ligue des champions d\u2019Afrique.<\/p>\n<p>Face \u00e0 ces contraintes, l\u2019entraineur Jamal Sellami devra un effectif certes d\u00e9cim\u00e9 mais pas \u00e0 cent pour cent puisque les autres de l\u2019ossature des Verts seront l\u00e0 et men\u00e9s par le capitaine Mohcine Metoualli ainsi que le revenant Abdelilah El Hafidi. Ce dernier venait \u00e9galement de revenir de sa longue blessure contract\u00e9e en mars dernier lors de la rencontre de la super-coupe d\u2019Afrique remport\u00e9e au d\u00e9triment de l\u2019Esp\u00e9rance Tunis (2-1) \u00e0 Doha.<\/p>\n<p>C\u2019est ainsi que le duel maghr\u00e9bin d\u2019aujourd\u2019hui r\u00eave une grande importance pour le Raja appel\u00e9 \u00e0 r\u00e9ussir un bon r\u00e9sultat en Alg\u00e9rie afin d\u2019aborder la seconde manche \u00e0 domicile et continuer son p\u00e9riple arabe vers le sacre final, surtout apr\u00e8s avoir tomb\u00e9 son voisin wydadi lors du derby arabe au 2<sup>e<\/sup> tour, suite une \u00abremontada\u00bb historique (1-1 en aller et 4-4 au retour) au complexe Mohammed V anim\u00e9 par de grandes f\u00eates des supporters des deux clubs des Verts et des Rouges.<\/p>\n<p>Le Raja est appel\u00e9 \u00e0 prendre toutes ses mesures afin de r\u00e9aliser un bon r\u00e9sultat dans le fief de la JSK le 4 janvier surtout qu\u2019il jouera le 2e match en Alg\u00e9rie devant le Mouloudia d\u2019Alger le 9 janvier pour le compte de la 4<sup>e<\/sup> journ\u00e9e de la Ligue des champions d\u2019Afrique. Entre-temps, le Raja est appel\u00e9 \u00e0 regagn\u00e9 le Maroc pour disputer le match de la Botola contre le Difaa El Jadida, le 7 janvier. Du jamais vu dans un pays de football chez les arabes ou en Afrique.<\/p>\n<p>Que l\u2019essentiel soit r\u00e9alis\u00e9 par le Raja tout comme le second club marocain engag\u00e9 en cette comp\u00e9tition arabe, l\u2019Olympic Safi. Ce dernier aura tout son temps pour rencontrer Al Ittihad Saoudi le 15 janvier avant de le recevoir chez lui, le 15 f\u00e9vrier pour le compte du m\u00eame Cap des quarts.<\/p>\n<p>A rappeler que ces quarts de finale (aller) de la comp\u00e9tition arabe, dont le vainqueur empochera une prime cons\u00e9quente de 6 millions de dollars \u00e0 l\u2019occasion de la finale pr\u00e9vue au Maroc, ont d\u00e9j\u00e0 d\u00e9but\u00e9 avec le d\u00e9roulement des deux premiers matchs inscrits au programme o\u00f9 Al-Shabab saoudi a cartonn\u00e9 le Club irakien de Police (6-0) alors que la premi\u00e8re manche du derby \u00e9gyptien s\u2019est termin\u00e9e en faveur d\u2019Al-Isma\u00efly au d\u00e9triment de l\u2019Ittihad Alexandrie (0-1).<\/p>\n<p class=\"c2\"><strong>Rachid Lebchir<\/strong><\/p>\n<p>Auteur: M&rsquo;hammed rahal<br \/>\n<a href=\"http:\/\/albayane.press.ma\/le-raja-avec-une-formation-amoindrie-en-algerie.html\">Cliquez ici pour lire l&rsquo;article depuis sa source.<\/a><\/p>\n","protected":false},"excerpt":{"rendered":"<p>Le Raja de Casablanca rencontre son homologue du Mouloudia Alger ce samedi au stade Mustapha-Tchaker de Blida (20h00), pour le compte du match \u00aballer\u00bb des quarts de finale de la Coupe arabe Mohammed VI. Le match \u00abretour\u00bb est pr\u00e9vu le 9 f\u00e9vrier \u00e0 Casablanca. Le Raja a fait le d\u00e9placement en Alg\u00e9rie, jeudi dernier, avec [&hellip;]<\/p>\n","protected":false},"author":1760,"featured_media":0,"comment_status":"closed","ping_status":"closed","sticky":false,"template":"","format":"standard","meta":{"fifu_image_url":"","fifu_image_alt":"","footnotes":""},"categories":[73,54],"tags":[],"class_list":["post-72165","post","type-post","status-publish","format-standard","hentry","category-actualite","category-maroc"],"_links":{"self":[{"href":"https:\/\/linitiative.ca\/International\/wp-json\/wp\/v2\/posts\/72165","targetHints":{"allow":["GET"]}}],"collection":[{"href":"https:\/\/linitiative.ca\/International\/wp-json\/wp\/v2\/posts"}],"about":[{"href":"https:\/\/linitiative.ca\/International\/wp-json\/wp\/v2\/types\/post"}],"author":[{"embeddable":true,"href":"https:\/\/linitiative.ca\/International\/wp-json\/wp\/v2\/users\/1760"}],"replies":[{"embeddable":true,"href":"https:\/\/linitiative.ca\/International\/wp-json\/wp\/v2\/comments?post=72165"}],"version-history":[{"count":0,"href":"https:\/\/linitiative.ca\/International\/wp-json\/wp\/v2\/posts\/72165\/revisions"}],"wp:attachment":[{"href":"https:\/\/linitiative.ca\/International\/wp-json\/wp\/v2\/media?parent=72165"}],"wp:term":[{"taxonomy":"category","embeddable":true,"href":"https:\/\/linitiative.ca\/International\/wp-json\/wp\/v2\/categories?post=72165"},{"taxonomy":"post_tag","embeddable":true,"href":"https:\/\/linitiative.ca\/International\/wp-json\/wp\/v2\/tags?post=72165"}],"curies":[{"name":"wp","href":"https:\/\/api.w.org\/{rel}","templated":true}]}}