{"id":72189,"date":"2020-01-05T06:00:00","date_gmt":"2020-01-05T11:00:00","guid":{"rendered":"https:\/\/linitiative.ca\/International\/le-president-tebboune-preside-son-premier-conseil-des-ministres\/"},"modified":"2020-01-05T06:00:00","modified_gmt":"2020-01-05T11:00:00","slug":"le-president-tebboune-preside-son-premier-conseil-des-ministres","status":"publish","type":"post","link":"https:\/\/linitiative.ca\/International\/le-president-tebboune-preside-son-premier-conseil-des-ministres\/","title":{"rendered":"Le pr\u00e9sident Tebboune pr\u00e9side son premier Conseil des ministres"},"content":{"rendered":"<p>Le pr\u00e9sident de la R\u00e9publique, M. Abdelmadjid Tebboune, a pr\u00e9sid\u00e9 dimanche \u00e0 Alger son premier Conseil des ministres. Cette r\u00e9union intervient apr\u00e8s l&rsquo;annonce, jeudi, de la composante du nouveau gouvernement dirig\u00e9 par le Premier ministre, Abdelaziz Djerad.<\/p>\n<p><span>PUBLIE LE : 05-01-2020 | 12:00<\/span><br \/>\nAuteur: elmoudjahid<br \/>\n<a href=\"http:\/\/www.elmoudjahid.com\/fr\/actualites\/146662\">Cliquez ici pour lire l&rsquo;article depuis sa source.<\/a><\/p>\n","protected":false},"excerpt":{"rendered":"<p>Le pr\u00e9sident de la R\u00e9publique, M. Abdelmadjid Tebboune, a pr\u00e9sid\u00e9 dimanche \u00e0 Alger son premier Conseil des ministres. Cette r\u00e9union intervient apr\u00e8s l&rsquo;annonce, jeudi, de la composante du nouveau gouvernement dirig\u00e9 par le Premier ministre, Abdelaziz Djerad. PUBLIE LE : 05-01-2020 | 12:00 Auteur: elmoudjahid Cliquez ici pour lire l&rsquo;article depuis sa source.<\/p>\n","protected":false},"author":1744,"featured_media":0,"comment_status":"closed","ping_status":"closed","sticky":false,"template":"","format":"standard","meta":{"fifu_image_url":"","fifu_image_alt":"","footnotes":""},"categories":[73,53],"tags":[],"class_list":["post-72189","post","type-post","status-publish","format-standard","hentry","category-actualite","category-algerie"],"_links":{"self":[{"href":"https:\/\/linitiative.ca\/International\/wp-json\/wp\/v2\/posts\/72189","targetHints":{"allow":["GET"]}}],"collection":[{"href":"https:\/\/linitiative.ca\/International\/wp-json\/wp\/v2\/posts"}],"about":[{"href":"https:\/\/linitiative.ca\/International\/wp-json\/wp\/v2\/types\/post"}],"author":[{"embeddable":true,"href":"https:\/\/linitiative.ca\/International\/wp-json\/wp\/v2\/users\/1744"}],"replies":[{"embeddable":true,"href":"https:\/\/linitiative.ca\/International\/wp-json\/wp\/v2\/comments?post=72189"}],"version-history":[{"count":0,"href":"https:\/\/linitiative.ca\/International\/wp-json\/wp\/v2\/posts\/72189\/revisions"}],"wp:attachment":[{"href":"https:\/\/linitiative.ca\/International\/wp-json\/wp\/v2\/media?parent=72189"}],"wp:term":[{"taxonomy":"category","embeddable":true,"href":"https:\/\/linitiative.ca\/International\/wp-json\/wp\/v2\/categories?post=72189"},{"taxonomy":"post_tag","embeddable":true,"href":"https:\/\/linitiative.ca\/International\/wp-json\/wp\/v2\/tags?post=72189"}],"curies":[{"name":"wp","href":"https:\/\/api.w.org\/{rel}","templated":true}]}}