{"id":72190,"date":"2020-01-05T10:03:02","date_gmt":"2020-01-05T15:03:02","guid":{"rendered":"https:\/\/linitiative.ca\/International\/99749-ligue-1-l-es-setif-amorce-son-redressement-kouki-provoque-le-declic\/"},"modified":"2020-01-05T10:03:02","modified_gmt":"2020-01-05T15:03:02","slug":"99749-ligue-1-l-es-setif-amorce-son-redressement-kouki-provoque-le-declic","status":"publish","type":"post","link":"https:\/\/linitiative.ca\/International\/99749-ligue-1-l-es-setif-amorce-son-redressement-kouki-provoque-le-declic\/","title":{"rendered":"Ligue 1: l&rsquo;ES S\u00e9tif amorce son redressement, Kouki provoque le d\u00e9clic"},"content":{"rendered":"<div readability=\"37\">\n<p><strong>ALGER &#8211; Auteur d&rsquo;un d\u00e9but de saison laborieux en Ligue 1 de football, l&rsquo;ES S\u00e9tif a r\u00e9ussi son redressement sous la houlette de l&rsquo;entra\u00eeneur tunisien Nabil Kouki qui est parvenu \u00e0 redresser la barre, notamment apr\u00e8s la qualification de l&rsquo;Entente pour les 1\/8 de finale de la Coupe d&rsquo;Alg\u00e9rie en d\u00e9placement face \u00e0 l&rsquo;AB Chelghoum-La\u00efd (amateur) 5-1.<\/strong><\/p>\n<\/div>\n<div readability=\"82.0253718285\">\n<p>Arriv\u00e9 sur le banc de l'\u00a0\u00bbAigle Noir\u00a0\u00bb en octobre dernier en remplacement de Khe\u00efreddine Madoui, d\u00e9missionnaire, Kouki d\u00e9tient jusque-l\u00e0 un bilan pour le moins positif avec cinq victoires, un nul, deux d\u00e9faites et un match en moins \u00e0 disputer jeudi prochain en d\u00e9placement face au MC Alger au stade Omar-Hamadi (17h00), en mise \u00e0 jour de la 14e journ\u00e9e. Les S\u00e9tifiens restent sur deux victoires de rang en Ligue 1 \u00e0 domicile face \u00e0 l&rsquo;AS A\u00efn M&rsquo;lila (4-0) et la JS Saoura (2-0).<\/p>\n<p>Toutefois, l&rsquo;ESS, habitu\u00e9e \u00e0 jouer les premiers r\u00f4les en Ligue 1, n&rsquo;est pas encore tir\u00e9e d&rsquo;affaire et occupe la 11e place au tableau avec 17 points, soit trois de plus que le premier rel\u00e9gable le Paradou AC (15e, 14 pts), qui compte trois matchs en retard.<\/p>\n<p>Mais au vu du visage affich\u00e9 par les co\u00e9quipiers du buteur-maison Houssam Eddine Ghacha (5 buts en championnat, ndlr) depuis l&rsquo;arriv\u00e9e de Kouki, l&rsquo;Entente pourrait m\u00eame pr\u00e9tendre \u00e0 progresser dans le classement et rejoindre la premi\u00e8re partie du tableau.<\/p>\n<hr\/>\n<h3>Lire aussi:\u00a0<a href=\"http:\/\/www.aps.dz\/sport\/99466-coupe-d-algerie-jsm-bejaia-es-setif-l-ess-valide-son-billet-pour-les-16es\" target=\"_blank\" rel=\"noopener noreferrer\">Coupe d&rsquo;Alg\u00e9rie\/JSM B\u00e9ja\u00efa-ES S\u00e9tif: l\u2019ESS valide son billet pour les 16es<\/a><\/h3>\n<hr\/>\n<p>Sur le plan des statistiques, les choses commencent nettement \u00e0 s&rsquo;am\u00e9liorer, notamment sur le plan offensif avec 20 buts marqu\u00e9s en 14 matchs, soit la 2e meilleure attaque du championnat derri\u00e8re celle du MCA (24 r\u00e9alisations). La d\u00e9fense n&rsquo;est pas en reste puisqu&rsquo;elle a encaiss\u00e9 trois buts seulement en quatre rencontres, toutes comp\u00e9titions confondues.<\/p>\n<p>Le pr\u00e9sident de l&rsquo;ESS Fahd Halfaya, conscient de l&rsquo;importance de \u00ab\u00a0blinder\u00a0\u00bb ses cadres en cette p\u00e9riode de mercato d&rsquo;hiver, a r\u00e9ussi \u00e0 convaincre Ghacha et la jeune p\u00e9pite Ishak Boussouf de prolonger leur contrat.<\/p>\n<p>En mati\u00e8re de recrutement, l&rsquo;ESS s&rsquo;est attach\u00e9e jusque-l\u00e0 les services d&rsquo;un seul joueur, \u00e0 savoir le d\u00e9fenseur central Mohamed Benyahia (ex-USM Alger) pour un bail de deux ann\u00e9es, en attendant l&rsquo;arriv\u00e9e \u00e9ventuelle d&rsquo;autres \u00e9l\u00e9ments.<\/p>\n<p>Les pr\u00e9mices d&rsquo;une saison difficile \u00e9taient apparues durant l&rsquo;intersaison, soit depuis l&rsquo;incarc\u00e9ration de l&rsquo;ex-pr\u00e9sident Hacen Hamar pour une affaire de corruption et de fraude sur le foncier. Hamar a \u00e9t\u00e9 remplac\u00e9 par Halfaya qui a r\u00e9ussi son premier d\u00e9fi d&rsquo;apurer les dettes du club, en attendant d&rsquo;atteindre l'\u00a0\u00bbobjectif principal du maintien\u00a0\u00bb.<\/p>\n<\/div>\n<p>Auteur:<br \/>\n<a href=\"http:\/\/www.aps.dz\/sport\/99749-ligue-1-l-es-setif-amorce-son-redressement-kouki-provoque-le-declic?utm_source=feedburner&#038;utm_medium=feed&#038;utm_campaign=Feed%3A+aps-sport+%28APS+-+SPORT%29\">Cliquez ici pour lire l&rsquo;article depuis sa source.<\/a><\/p>\n","protected":false},"excerpt":{"rendered":"<p>ALGER &#8211; Auteur d&rsquo;un d\u00e9but de saison laborieux en Ligue 1 de football, l&rsquo;ES S\u00e9tif a r\u00e9ussi son redressement sous la houlette de l&rsquo;entra\u00eeneur tunisien Nabil Kouki qui est parvenu \u00e0 redresser la barre, notamment apr\u00e8s la qualification de l&rsquo;Entente pour les 1\/8 de finale de la Coupe d&rsquo;Alg\u00e9rie en d\u00e9placement face \u00e0 l&rsquo;AB Chelghoum-La\u00efd [&hellip;]<\/p>\n","protected":false},"author":1790,"featured_media":0,"comment_status":"closed","ping_status":"closed","sticky":false,"template":"","format":"standard","meta":{"fifu_image_url":"","fifu_image_alt":"","footnotes":""},"categories":[53,75],"tags":[],"class_list":["post-72190","post","type-post","status-publish","format-standard","hentry","category-algerie","category-sport"],"_links":{"self":[{"href":"https:\/\/linitiative.ca\/International\/wp-json\/wp\/v2\/posts\/72190","targetHints":{"allow":["GET"]}}],"collection":[{"href":"https:\/\/linitiative.ca\/International\/wp-json\/wp\/v2\/posts"}],"about":[{"href":"https:\/\/linitiative.ca\/International\/wp-json\/wp\/v2\/types\/post"}],"author":[{"embeddable":true,"href":"https:\/\/linitiative.ca\/International\/wp-json\/wp\/v2\/users\/1790"}],"replies":[{"embeddable":true,"href":"https:\/\/linitiative.ca\/International\/wp-json\/wp\/v2\/comments?post=72190"}],"version-history":[{"count":0,"href":"https:\/\/linitiative.ca\/International\/wp-json\/wp\/v2\/posts\/72190\/revisions"}],"wp:attachment":[{"href":"https:\/\/linitiative.ca\/International\/wp-json\/wp\/v2\/media?parent=72190"}],"wp:term":[{"taxonomy":"category","embeddable":true,"href":"https:\/\/linitiative.ca\/International\/wp-json\/wp\/v2\/categories?post=72190"},{"taxonomy":"post_tag","embeddable":true,"href":"https:\/\/linitiative.ca\/International\/wp-json\/wp\/v2\/tags?post=72190"}],"curies":[{"name":"wp","href":"https:\/\/api.w.org\/{rel}","templated":true}]}}