{"id":72200,"date":"2020-01-04T17:20:06","date_gmt":"2020-01-04T22:20:06","guid":{"rendered":"https:\/\/linitiative.ca\/International\/olympiades-de-la-science-le-genie-creatif-lumineux-de-nos-jeunes\/"},"modified":"2020-01-04T17:20:06","modified_gmt":"2020-01-04T22:20:06","slug":"olympiades-de-la-science-le-genie-creatif-lumineux-de-nos-jeunes","status":"publish","type":"post","link":"https:\/\/linitiative.ca\/International\/olympiades-de-la-science-le-genie-creatif-lumineux-de-nos-jeunes\/","title":{"rendered":"Olympiades de la science : Le g\u00e9nie cr\u00e9atif lumineux de nos jeunes"},"content":{"rendered":"<p>Les associations activant dans la pratique des sciences au profit de la jeunesse se sont regroup\u00e9es durant quatre jours au palais de la Culture.<br \/>Cette rencontre, qui a pour nom les Olympiades de la science, en est \u00e0 sa deuxi\u00e8me \u00e9dition. Les participants sont des jeunes \u00e2g\u00e9es de 12 \u00e0 20 ans. Pour cette \u00e9dition, son impact s\u2019\u00e9largit avec la pr\u00e9sence de quatre wilayas en plus de celle d\u2019Alger, lui donnant ainsi un caract\u00e8re national. Ces wilayas sont Djelfa, Gharda\u00efa, M\u2019sila et Laghouat. Le sud de l\u2019Alg\u00e9rie est donc privil\u00e9gi\u00e9, et cette pr\u00e9f\u00e9rence s\u2019av\u00e8re des plus judicieuses. En effet, les inventions les plus frappantes pr\u00e9sent\u00e9es dans ce Salon sont les \u0153uvres du g\u00e9nie cr\u00e9atif lumineux de jeunes de Gharda\u00efa et de Ouargla. Ces petits g\u00e9nies, en utilisant les avanc\u00e9es de la technologie moderne, ont mis en service deux innovations in\u00e9dites\u00a0: la maison intelligente et le miroir miraculeux. Ici, tout est automatique et \u00e0 l\u2019avantage du propri\u00e9taire de la maison. Les portes s\u2019ouvrent pour lui, les lumi\u00e8res aussi s\u2019\u00e9teignant apr\u00e8s sa sortie de la pi\u00e8ce, les robinets d\u2019eau sont aux ordres de l\u2019utilisateur. Les appareils courants comme la t\u00e9l\u00e9vision se mettent en marche par un simple geste. Quant au miroir magique, il dit bonjour quand on s\u2019approche de lui, s\u2019allume, tout en diffusant une musique douce qui cr\u00e9e une ambiance de bien-\u00eatre et de confort. Ainsi, nos jeunes na manquent pas d\u2019imagination et sont aussi cr\u00e9atifs dans les autres domaines, comme l\u2019informatique, la mise en service de robots, les mat\u00e9riaux de construction \u00e9conomiques, l\u2019astronomie, les techniques de montage dans l\u2019audiovisuel. Les prix d\u00e9cern\u00e9s aux laur\u00e9ats des meilleures inventions ont \u00e9t\u00e9 attribu\u00e9s en trois cat\u00e9gories\u00a0: jeunes, enfants et \u00e9tudiants. Ces jeunes sont encadr\u00e9s par des associations, des ligues, des maisons de Jeunes, des clubs mais aussi des \u00e9tablissements universitaires comme l\u2019EPAU, qui participe d\u2019ailleurs \u00e0 cette deuxi\u00e8me \u00e9dition. Les communications entre ces diff\u00e9rentes institutions se font \u00e0 travers les r\u00e9seaux sociaux et c\u2019est d\u2019ailleurs par la voie d\u2019Internet que les jeunes se d\u00e9voilent et s\u2019inscrivent \u00e0 ces Olympiades de la science. \u00ab\u00a0Notre ambition est de faire toujours mieux\u00a0\u00bb, explique l\u2019organisateur de ces Olympiades de la science, Abdelmouttaleb Rouina ,directeur du Centre de d\u00e9veloppement des loisirs scientifiques (CD ALS) de Ouled Fayet, dans la banlieue ouest de la capitale.<br \/>\u00ab\u00a0Pour cette deuxi\u00e8me \u00e9dition, nous enregistrons la participation de l\u2019Union europ\u00e9enne. Pour la troisi\u00e8me \u00e9dition, soit l\u2019ann\u00e9e prochaine, nous pensons faire mieux en invitant les pays du pourtour de la M\u00e9diterran\u00e9e pour rivaliser davantage dans les inventions\u00a0\u00bb, ajoute-t-il. Ces Olympiades de la science illustrent d\u2019une mani\u00e8re parfaite l\u2019immense potentiel de cr\u00e9ation ancr\u00e9 dans notre jeunesse, lequel ne demande qu\u2019\u00e0 \u00e9merger et se faire d\u00e9couvrir. Les Olympiades de la science se pr\u00e9sentent comme un forum pour dynamiser cet esprit cr\u00e9atif et le faire acc\u00e9der au grand public et, pourquoi pas, \u00e0 le populariser par une production industrielle.\u00a0<\/p>\n<p>Auteur: Boudjedri<br \/>\n<a href=\"http:\/\/www.jeune-independant.net\/Olympiades-de-la-science-Le-genie.html\">Cliquez ici pour lire l&rsquo;article depuis sa source.<\/a><\/p>\n","protected":false},"excerpt":{"rendered":"<p>Les associations activant dans la pratique des sciences au profit de la jeunesse se sont regroup\u00e9es durant quatre jours au palais de la Culture.Cette rencontre, qui a pour nom les Olympiades de la science, en est \u00e0 sa deuxi\u00e8me \u00e9dition. Les participants sont des jeunes \u00e2g\u00e9es de 12 \u00e0 20 ans. Pour cette \u00e9dition, son [&hellip;]<\/p>\n","protected":false},"author":1737,"featured_media":0,"comment_status":"closed","ping_status":"closed","sticky":false,"template":"","format":"standard","meta":{"fifu_image_url":"","fifu_image_alt":"","footnotes":""},"categories":[73,53],"tags":[],"class_list":["post-72200","post","type-post","status-publish","format-standard","hentry","category-actualite","category-algerie"],"_links":{"self":[{"href":"https:\/\/linitiative.ca\/International\/wp-json\/wp\/v2\/posts\/72200","targetHints":{"allow":["GET"]}}],"collection":[{"href":"https:\/\/linitiative.ca\/International\/wp-json\/wp\/v2\/posts"}],"about":[{"href":"https:\/\/linitiative.ca\/International\/wp-json\/wp\/v2\/types\/post"}],"author":[{"embeddable":true,"href":"https:\/\/linitiative.ca\/International\/wp-json\/wp\/v2\/users\/1737"}],"replies":[{"embeddable":true,"href":"https:\/\/linitiative.ca\/International\/wp-json\/wp\/v2\/comments?post=72200"}],"version-history":[{"count":0,"href":"https:\/\/linitiative.ca\/International\/wp-json\/wp\/v2\/posts\/72200\/revisions"}],"wp:attachment":[{"href":"https:\/\/linitiative.ca\/International\/wp-json\/wp\/v2\/media?parent=72200"}],"wp:term":[{"taxonomy":"category","embeddable":true,"href":"https:\/\/linitiative.ca\/International\/wp-json\/wp\/v2\/categories?post=72200"},{"taxonomy":"post_tag","embeddable":true,"href":"https:\/\/linitiative.ca\/International\/wp-json\/wp\/v2\/tags?post=72200"}],"curies":[{"name":"wp","href":"https:\/\/api.w.org\/{rel}","templated":true}]}}