{"id":72201,"date":"2020-01-04T17:21:30","date_gmt":"2020-01-04T22:21:30","guid":{"rendered":"https:\/\/linitiative.ca\/International\/tebboune-prepare-son-plan-daction\/"},"modified":"2020-01-04T17:21:30","modified_gmt":"2020-01-04T22:21:30","slug":"tebboune-prepare-son-plan-daction","status":"publish","type":"post","link":"https:\/\/linitiative.ca\/International\/tebboune-prepare-son-plan-daction\/","title":{"rendered":"Tebboune pr\u00e9pare son plan d&rsquo;action"},"content":{"rendered":"<p><span class=\"c2\">Mohamed K.<\/span><\/p>\n<div readability=\"61\">\n<p><em>Le pr\u00e9sident de la R\u00e9publique Abdelmadjid Tebboune qui veut relancer au plus vite la machine \u00e9conomique, pr\u00e9sidera d\u00e8s aujourd\u2019hui la premi\u00e8re r\u00e9union du Conseil des ministres avec les nouveaux membres du gouvernement. \u00c7a sera d\u2019abord une r\u00e9union de prise de contact et d\u2019orientation avec les nouveaux membres de cet ex\u00e9cutif de choc.<\/em><br \/>Pour le chef de l\u2019Etat, il faut aller plus vite d\u2019autant que la situation \u00e9conomique est morose. Selon son porte-parole, Tebboune entamera son action par l\u2019\u00e9laboration de son plan d\u2019action. Ce dernier devrait reprendre les grandes lignes de son programme \u00e9lectoral, s\u2019inspirant certainement de nouvelles donn\u00e9es que les nouveaux ministres technocrates ne manqueront pas de les inclure. Il s\u2019agira de la premi\u00e8re mission du Premier ministre Abdelaziz Djerrad, celle d\u2019\u00e9laborer un plan d\u2019action complet devant \u00eatre pr\u00e9sent\u00e9 \u00e0 l\u2019Assembl\u00e9e populaire nationale pour d\u00e9bat et adoption. D\u2019ailleurs, ce m\u00eame plan, apr\u00e8s enrichissement et adoption par un vote de confiance de la part des d\u00e9put\u00e9s de l\u2019APN, sera \u00e9galement soumis au S\u00e9nat. Ce processus risque de prendre beaucoup de temps, alors que la jeune \u00e9quipe du gouvernement Djerrad est impatiente de mettre \u00e0 ex\u00e9cution quelques projets d\u2019ampleur.<br \/>Il ne faut pas oublier qu\u2019il s\u2019agit d\u2019un ex\u00e9cutif de technocrates, marqu\u00e9 par l\u2019entr\u00e9e de jeunes ministres, anim\u00e9 par la volont\u00e9 d\u2019imprimer une nouvelle orientation \u00e0 l\u2019\u00e9conomie, en d\u00e9veloppant notamment le num\u00e9rique. Cette nouvelle orientation dans le secteur \u00e9conomique devrait commencer par la refonte de la l\u00e9gislation en vigueur, notamment certains dispositifs r\u00e8glementaires qui entravent l\u2019investissement dans l\u2019industrie, la cr\u00e9ation des petites et moyennes entreprises, les facilitations fiscales et parafiscales, ainsi que l\u2019octroi des cr\u00e9dits bancaires et une souplesse attendu dans le march\u00e9 financier.\u00a0<br \/>Le pr\u00e9sident Tebboune ne manquera pas lors de ce Conseil de faire de r\u00e9ajustements n\u00e9cessaires par rapport \u00e0 ses d\u00e9clarations ant\u00e9rieures. Il sait qu\u2019il devra gouverner les premiers mois avec les instruments d\u2019une Loi de Finances 2020 qu\u2019il n\u2019a pas \u00e9labor\u00e9, ni ordonn\u00e9. Selon toute vraisemblance, Tebboune sera oblig\u00e9, en quelque sorte d\u2019ordonner \u00e0 ses experts de lui pr\u00e9parer une nouvelle loi de Finances compl\u00e9mentaires, afin de concr\u00e9tiser ses premi\u00e8res promesses \u00e0 caract\u00e8re social surtout. Cette loi sera bien entendu pr\u00eate avant l\u2019\u00e9t\u00e9, et devrait comporter des dispositifs moins coercitifs sur le plan des taxes ou l\u2019activit\u00e9 \u00e9conomique et commerciale, et r\u00e9pondre \u00e0 des engagements pris lors de la campagne \u00e9lectorale.<br \/>En parall\u00e8le, le chef de l\u2019Etat devrait saisir l\u2019occasion pour expliciter un peu plus ses id\u00e9es politiques, notamment sur la question du dialogue national, sur les revendications du mouvement populaire, sur les r\u00e9centes mesures d\u2019apaisement. Il s\u2019agira \u00e9galement pour lui de r\u00e9pondre aux sollicitations et autres inqui\u00e9tudes de la classe politique et de la soci\u00e9t\u00e9 civile sur la future r\u00e9vision de la Constitution.<\/p>\n<\/div>\n<p>Auteur: Boudjedri<br \/>\n<a href=\"http:\/\/www.jeune-independant.net\/Tebboune-prepare-son-plan-d-action-23185.html\">Cliquez ici pour lire l&rsquo;article depuis sa source.<\/a><\/p>\n","protected":false},"excerpt":{"rendered":"<p>Mohamed K. Le pr\u00e9sident de la R\u00e9publique Abdelmadjid Tebboune qui veut relancer au plus vite la machine \u00e9conomique, pr\u00e9sidera d\u00e8s aujourd\u2019hui la premi\u00e8re r\u00e9union du Conseil des ministres avec les nouveaux membres du gouvernement. \u00c7a sera d\u2019abord une r\u00e9union de prise de contact et d\u2019orientation avec les nouveaux membres de cet ex\u00e9cutif de choc.Pour le [&hellip;]<\/p>\n","protected":false},"author":1737,"featured_media":0,"comment_status":"closed","ping_status":"closed","sticky":false,"template":"","format":"standard","meta":{"fifu_image_url":"","fifu_image_alt":"","footnotes":""},"categories":[73,53],"tags":[],"class_list":["post-72201","post","type-post","status-publish","format-standard","hentry","category-actualite","category-algerie"],"_links":{"self":[{"href":"https:\/\/linitiative.ca\/International\/wp-json\/wp\/v2\/posts\/72201","targetHints":{"allow":["GET"]}}],"collection":[{"href":"https:\/\/linitiative.ca\/International\/wp-json\/wp\/v2\/posts"}],"about":[{"href":"https:\/\/linitiative.ca\/International\/wp-json\/wp\/v2\/types\/post"}],"author":[{"embeddable":true,"href":"https:\/\/linitiative.ca\/International\/wp-json\/wp\/v2\/users\/1737"}],"replies":[{"embeddable":true,"href":"https:\/\/linitiative.ca\/International\/wp-json\/wp\/v2\/comments?post=72201"}],"version-history":[{"count":0,"href":"https:\/\/linitiative.ca\/International\/wp-json\/wp\/v2\/posts\/72201\/revisions"}],"wp:attachment":[{"href":"https:\/\/linitiative.ca\/International\/wp-json\/wp\/v2\/media?parent=72201"}],"wp:term":[{"taxonomy":"category","embeddable":true,"href":"https:\/\/linitiative.ca\/International\/wp-json\/wp\/v2\/categories?post=72201"},{"taxonomy":"post_tag","embeddable":true,"href":"https:\/\/linitiative.ca\/International\/wp-json\/wp\/v2\/tags?post=72201"}],"curies":[{"name":"wp","href":"https:\/\/api.w.org\/{rel}","templated":true}]}}