{"id":72207,"date":"2020-01-05T05:30:00","date_gmt":"2020-01-05T10:30:00","guid":{"rendered":"https:\/\/linitiative.ca\/International\/samir-gharbi-a-la-recherche-des-ministres-nomines\/"},"modified":"2020-01-05T05:30:00","modified_gmt":"2020-01-05T10:30:00","slug":"samir-gharbi-a-la-recherche-des-ministres-nomines","status":"publish","type":"post","link":"https:\/\/linitiative.ca\/International\/samir-gharbi-a-la-recherche-des-ministres-nomines\/","title":{"rendered":"Samir Gharbi: A la recherche des ministres nomin\u00e9s\u2026"},"content":{"rendered":"<p><img decoding=\"async\" src=\"\/uploads\/FCK_files\/Samir%20Gharbi.jpg\" alt=\"\" width=\"30%\" vspace=\"5\" hspace=\"5\" align=\"right\"\/>Les r\u00e9seaux sociaux fourmillent de \u00ab CV \u00bb et de \u00ab bio \u00bb des personnalit\u00e9s nomin\u00e9es dans le premier gouvernement Habib Jemli. Chacun y va de sa propre touche, mais quand je parcours ses titres \u00ab accrocheurs \u00bb, je ne trouve que quelques lignes (qui se r\u00e9p\u00e8tent selon le proc\u00e9d\u00e9 \u00ab copier-coller \u00bb, souvent sans pr\u00e9cision d\u2019\u00e2ge\u2026<\/p>\n<p>La faute \u00e0 qui ? A l\u2019absence d\u2019une \u00ab base de donn\u00e9es \u00bb, a soupir\u00e9 le Chef de gouvernement en herbe dans sa prestation devant les journalistes le 1<sup>er<\/sup> janvier ? Moi, je dis : A l\u2019absence d\u2019une communication officielle comme il se doit dans un pays \u00e9volu\u00e9 : les services de la \u00ab Pr\u00e9sidence du gouvernement \u00bb se doivent de fournir \u00e0 tous les m\u00e9dias et aux citoyens l\u2019information de base n\u00e9cessaire et minimale : la fonction (avec un intitul\u00e9 complet), le nom et pr\u00e9nom (orthographe officielle), l\u2019\u00e2ge et la carri\u00e8re en bref.<\/p>\n<p>Rien de tout de cela dans notre pays depuis 2011, mais je dois reconnaitre que le portail de Youssef Chahed le fait d\u00e9sormais sur son site, mais de fa\u00e7on inexploitable<sup><span class=\"c2\"><strong>(*) (**)<\/strong><\/span><\/sup>.<\/p>\n<p><img decoding=\"async\" src=\"\/uploads\/FCK_files\/Sans-titre-1(37).jpg\" width=\"100%\" vspace=\"5\" hspace=\"5\" align=\"middle\" alt=\"\"\/><\/p>\n<p>Faute de communication officielle, les m\u00e9dias s\u2019\u00e9garent et \u00e9garent leurs lecteurs et auditeurs. Je me souviens d\u2019un temps o\u00f9, entre autres, le quotidien \u00ab La Presse \u00bb publiait d\u00e8s le lendemain de la nomination d\u2019un gouvernement ou d\u2019un remaniement le \u00ab CV officiel \u00bb de tous les ministres\u2026 Pas besoin de courir \u00e0 droite ou \u00e0 gauche, il ne reste plus aux journalistes que de \u00ab creuser \u00bb davantage en interrogeant les personnes concern\u00e9es ou leur entourage familial, professionnel, amical&#8230;<\/p>\n<p>Aujourd\u2019hui, certains s\u2019aventurent en affirmant que le parti Ennahdha s\u2019est attribu\u00e9e la \u00ab part du lion \u00bb dans la nouvelle formation en s\u2019arrogeant des postes cl\u00e9s : Justice, Int\u00e9rieur, Domaines de l\u2019Etat, Jeunesse et Sport\u2026 et que sais-je encore ? Vrai ou faux, la v\u00e9rit\u00e9 \u00e9clatera d\u2019elle-m\u00eame dans les quelques jours qui suivront la mise en \u0153uvre du programme gouvernemental, les d\u00e9bats parlementaires, le comportement des uns et des autres\u2026<\/p>\n<p>Ce qui rend les gens impatients et curieux, c\u2019est le dilettantisme avec lequel les \u00e9lus du peuple prennent leur travail en consid\u00e9ration. L\u00e0 o\u00f9 il faut un jour ou quelques heures pour r\u00e9unir les parlementaires et voter (ou non) la confiance au nouveau gouvernement, chez nous cela prend beaucoup de temps, le temps de chauffer la marmite. Le 1er janvier, le chef du gouvernement en charge a pr\u00e9sent\u00e9 enfin sa \u00ab liste \u00bb, apr\u00e8s un mois et demi d\u2019efforts laborieux (il a \u00e9t\u00e9 d\u00e9sign\u00e9 le 15 novembre). Son travail \u00e9tant fini, le chef de l\u2019Etat, qui \u00e9tait d\u00e9j\u00e0 au courant bien avant le public, met un jour de plus pour recevoir le pr\u00e9sident du parlement (qui \u00e9tait lui aussi d\u00e9j\u00e0 au courant), lui remettre la liste et s\u2019en aller en promettant une r\u00e9ponse pour demain\u2026 Un jour apr\u00e8s, le 3 janvier, ce dernier se donne un jour de plus pour\u2026 se concerter avec le bureau de l\u2019assembl\u00e9e (le 4 \u00e0 partir de \u00ab 11 h \u00bb), pour d\u00e9cider \u00e0 quelle date ils pourront convoquer le parlement dans son ensemble pour statuer sur la liste\u2026<\/p>\n<p>Au total, quatre jours pour prendre une d\u00e9cision qui n\u00e9cessite \u2013 en ces temps modernes \u2013 quelques heures\u2026 Pourtant, tous savaient qu\u2019il y a urgence en la demeure. Mais tous semblent ignorer que le peuple regarde, que le monde diplomatique nous observent, que les d\u00e9cideurs \u00e9conomiques et les investisseurs vont se mettre \u00e0 douter de notre s\u00e9rieux.<\/p>\n<p>Savez-vous que le gouvernement sortant comprend sept postes minist\u00e9riels vacants (sur 38), que ces postes sont g\u00e9r\u00e9s par int\u00e9rim\u2026 ? Parmi eux, des postes ultra-sensibles, comme les Affaires \u00e9trang\u00e8res, la D\u00e9fense nationale, l\u2019Emploi, la Sant\u00e9, les Transports, la Coop\u00e9ration internationale, les Domaines de l\u2019Etat\u2026 ? H\u00e9las ! Rares sont ceux qui le savent. Pourtant l\u2019info est publique, il n\u2019y a qu\u2019\u00e0 cliquer sur le \u00ab Portail du gouvernement \u00bb (<a href=\"http:\/\/fr.tunisie.gov.tn\/\" target=\"_blank\" rel=\"noopener noreferrer\">http:\/\/fr.tunisie.gov.tn\/<\/a>). Plus les dirigeants trainent les pieds, plus les journalistes et les d\u00e9put\u00e9s ruent dans les brancards\u2026<\/p>\n<p>Le futur chef de gouvernement nous a affirm\u00e9 que tous les nomin\u00e9s sont des \u00ab personnes comp\u00e9tentes, ind\u00e9pendantes, int\u00e8gres, volontaires \u00bb. Qui va oser le d\u00e9mentir ? Moi. Sur un seul point, v\u00e9rifiable, pour commencer : il a dit \u00e0 tous les Tunisiens que son cabinet comprend \u00ab 40% de femmes \u00bb. Moi, je n\u2019ai pas vu de transgenres. J\u2019ai compt\u00e9 \u2013 et recompt\u00e9 \u2013 10 femmes sur un total de 42. Selon ma calculette, le pourcentage est de 23,8%. L\u2019\u00e9cart n\u2019est pas de 1 ou 2%, il est de 16,2%, soit entre 7 femmes en moins.<\/p>\n<p>J\u2019esp\u00e8re qu\u2019il pourra se rattraper lors de prochains remaniements pour atteindre l\u2019objectif \u00ab difficile \u00bbdont il a parl\u00e9 le 1er janvier : \u00ab la parit\u00e9 \u00bb (50\/50). Je rappelle que les femmes repr\u00e9sentent plus de 50% de la population nationale (50,6%), 40% de la population active et, selon certains indicateurs, elles d\u00e9passent largement le nombre des \u00ab m\u00e2les \u00bb dans certaines fili\u00e8res et m\u00e9tiers. La proportion des femmes dipl\u00f4m\u00e9es \u00e8s sciences est de 58%, selon l\u2019Unesco (un des plus forts taux dans le monde). Le moins que l\u2019on puisse dire est qu\u2019elles m\u00e9ritent beaucoup mieux. Mais je rends \u00e0 C\u00e9sar ce qui est \u00e0 C\u00e9sar : Habib Jemli a fait un net progr\u00e8s par rapport \u00e0 son pr\u00e9d\u00e9cesseur. Le cabinet sortant compte seulement 4 femmes sur 31 (12,9%, hors postes par int\u00e9rim).<\/p>\n<p class=\"c3\"><strong>Samir Gharbi<\/strong><\/p>\n<p><span class=\"c4\"><em>(*) Les donn\u00e9es qui sont publi\u00e9es sur un site web officiel doivent, c\u2019est d\u2019usage, \u00eatre exploitable, c\u2019est-\u00e0-dire, que le programmeur du site doit pr\u00e9voir un mode d\u2019exportation des donn\u00e9es sous un format (word, par exemple) qui \u00e9vite de devoir recopier manuellement une grande liste de donn\u00e9es avec les risques d\u2019erreur. Le portail de notre Chef de gouvernement &#8211;<\/em><\/span> <a href=\"http:\/\/fr.tunisie.gov.tn\/\" target=\"_blank\" rel=\"noopener noreferrer\"><span class=\"c4\"><em>http:\/\/fr.tunisie.gov.tn\/<\/em><\/span><\/a> <span class=\"c4\"><em>&#8211; ne donne pas cette souplesse. Voir capture d\u2019\u00e9cran ci-dessous.<br \/><\/em><\/span><\/p>\n<p><span class=\"c4\"><em>(**) L\u2019autre probl\u00e8me, li\u00e9 \u00e0 ce site officiel, est l\u2019absence d\u2019archives. Chaque chef de gouvernement efface ou d\u00e9truit les donn\u00e9es de son pr\u00e9d\u00e9cesseur\u2026 C\u2019est le cas g\u00e9n\u00e9ral des sites officiels tunisiens, celui de la pr\u00e9sidence de la Pr\u00e9sidence de la R\u00e9publique, comme celui des institutions\u2026 C\u2019est dramatique de voir nos dirigeants faire pareille chose en emp\u00eachant les citoyens de faire de la recherche historique. On d\u00e9truit la \u00ab m\u00e9moire \u00bb, comme on d\u00e9truit les archives de la Nation et son patrimoine.<\/em><\/span><\/p>\n<p><strong>Lire aussi<\/strong><br \/><a href=\"https:\/\/www.leaders.com.tn\/article\/28782-samir-gharbi-la-presence-feminine-au-gouvernement-ne-depasse-pas-les-24-4\" target=\"_blank\" rel=\"noopener noreferrer\">Samir Gharbi: La pr\u00e9sence f\u00e9minine au gouvernement ne d\u00e9passe pas les 24,4% !<\/a><\/p>\n<p>Auteur:<br \/>\n<a href=\"https:\/\/www.leaders.com.tn\/article\/28799-samir-gharbi-a-la-recherche-des-ministres-nomines\">Cliquez ici pour lire l&rsquo;article depuis sa source.<\/a><\/p>\n","protected":false},"excerpt":{"rendered":"<p>Les r\u00e9seaux sociaux fourmillent de \u00ab CV \u00bb et de \u00ab bio \u00bb des personnalit\u00e9s nomin\u00e9es dans le premier gouvernement Habib Jemli. Chacun y va de sa propre touche, mais quand je parcours ses titres \u00ab accrocheurs \u00bb, je ne trouve que quelques lignes (qui se r\u00e9p\u00e8tent selon le proc\u00e9d\u00e9 \u00ab copier-coller \u00bb, souvent sans [&hellip;]<\/p>\n","protected":false},"author":1772,"featured_media":72208,"comment_status":"closed","ping_status":"closed","sticky":false,"template":"","format":"standard","meta":{"fifu_image_url":"","fifu_image_alt":"","footnotes":""},"categories":[73,55],"tags":[],"class_list":["post-72207","post","type-post","status-publish","format-standard","has-post-thumbnail","hentry","category-actualite","category-tunisie"],"_links":{"self":[{"href":"https:\/\/linitiative.ca\/International\/wp-json\/wp\/v2\/posts\/72207","targetHints":{"allow":["GET"]}}],"collection":[{"href":"https:\/\/linitiative.ca\/International\/wp-json\/wp\/v2\/posts"}],"about":[{"href":"https:\/\/linitiative.ca\/International\/wp-json\/wp\/v2\/types\/post"}],"author":[{"embeddable":true,"href":"https:\/\/linitiative.ca\/International\/wp-json\/wp\/v2\/users\/1772"}],"replies":[{"embeddable":true,"href":"https:\/\/linitiative.ca\/International\/wp-json\/wp\/v2\/comments?post=72207"}],"version-history":[{"count":0,"href":"https:\/\/linitiative.ca\/International\/wp-json\/wp\/v2\/posts\/72207\/revisions"}],"wp:featuredmedia":[{"embeddable":true,"href":"https:\/\/linitiative.ca\/International\/wp-json\/"}],"wp:attachment":[{"href":"https:\/\/linitiative.ca\/International\/wp-json\/wp\/v2\/media?parent=72207"}],"wp:term":[{"taxonomy":"category","embeddable":true,"href":"https:\/\/linitiative.ca\/International\/wp-json\/wp\/v2\/categories?post=72207"},{"taxonomy":"post_tag","embeddable":true,"href":"https:\/\/linitiative.ca\/International\/wp-json\/wp\/v2\/tags?post=72207"}],"curies":[{"name":"wp","href":"https:\/\/api.w.org\/{rel}","templated":true}]}}