{"id":72232,"date":"2020-01-04T23:59:01","date_gmt":"2020-01-05T04:59:01","guid":{"rendered":"https:\/\/linitiative.ca\/International\/tsimi-evouna-somme-les-transporteurs-interurbains-bases-a-tongolo-et-etoudi-de-deguerpir\/"},"modified":"2020-01-04T23:59:01","modified_gmt":"2020-01-05T04:59:01","slug":"tsimi-evouna-somme-les-transporteurs-interurbains-bases-a-tongolo-et-etoudi-de-deguerpir","status":"publish","type":"post","link":"https:\/\/linitiative.ca\/International\/tsimi-evouna-somme-les-transporteurs-interurbains-bases-a-tongolo-et-etoudi-de-deguerpir\/","title":{"rendered":"Tsimi Evouna somme les transporteurs interurbains bas\u00e9s \u00e0 Tongolo et Etoudi de d\u00e9guerpir"},"content":{"rendered":"<div class=\"featured-area featured-area-inner\"><img loading=\"lazy\" decoding=\"async\" width=\"780\" height=\"405\" src=\"https:\/\/ecomatin.net\/wp-content\/uploads\/2020\/01\/quartier-tongolo-780x405.jpg?is-pending-load=1\" class=\"attachment-jannah-image-post size-jannah-image-post wp-post-image jetpack-lazy-image\" alt=\"\" srcset=\"data:image\/gif;base64,R0lGODlhAQABAIAAAAAAAP\/\/\/yH5BAEAAAAALAAAAAABAAEAAAIBRAA7\"\/><\/div>\n<div class=\"entry-content entry clearfix\" readability=\"67.9807692308\">\n<p>Dans un communiqu\u00e9 sign\u00e9 le 23 d\u00e9cembre 2019,\u00a0<strong>Gilbert Tsimi Evouna<\/strong>, d\u00e9l\u00e9gu\u00e9 du gouvernement aupr\u00e8s de la <strong>Communaut\u00e9 urbaine de Yaound\u00e9 (CUY)<\/strong> somme les agences de voyage install\u00e9es entre le lieu-dit\u00a0<strong><em>\u00ab feux Tongolo \u00bb<\/em><\/strong>\u00a0et le <strong>carrefour Etoudi<\/strong> de prendre attache avec les services techniques comp\u00e9tents de sa municipalit\u00e9 (direction de l\u2019Urbanisme, de l\u2019architecture et du cadre de vie), pour leur d\u00e9localisation vers la plateforme d\u2019Olemb\u00e9.<\/p>\n<p>La d\u00e9cision du d\u00e9l\u00e9gu\u00e9 du gouvernement est motiv\u00e9e par le fait que ces compagnies sont situ\u00e9es \u00e0 un jet de pierre du palais pr\u00e9sidentiel, et le nouveau centre administratif en chantier. Bien plus,\u00a0<strong>Gilbert Tsimi Evouna\u00a0<\/strong>s\u2019appuie sur l\u2019organisation du Championnat d\u2019Afrique des Nations (CHAN) en avril 2020 et de la prochaine Coupe d\u2019Afrique des Nations 2021. <em>\u00ab\u00a0Des mesures exceptionnelles et urgentes sont prises pour soigner l\u2019image de la ville de Yaound\u00e9\u00a0\u00bb,<\/em> insiste le premier magistrat municipal de Yaound\u00e9. De sources concordantes, la gare routi\u00e8re du quartier Tongolo sera ras\u00e9e, pour \u00eatre transf\u00e9r\u00e9e au quartier Olemb\u00e9, quartier situ\u00e9e dans la p\u00e9riph\u00e9rie nord de la capitale.<\/p>\n<p>La d\u00e9cision de <strong>M. Tsimi Evouna<\/strong> ne fait pas l\u2019unanimit\u00e9 au sein des responsables des compagnies de transport interurbain concern\u00e9es. Interpell\u00e9s pour les m\u00eames raisons en novembre 2019, par\u00a0<strong>Jean-Ernest Massena Ngalle Bibehe<\/strong>, ministre des Transports, Serge Atangana Ambassa, responsable de l\u2019agence Leader voyages scandait\u00a0: <em>\u00ab nous n\u2019avons pas encore \u00e9t\u00e9 notifi\u00e9s d\u2019une telle d\u00e9cision, mais si c\u2019est le cas nous allons nous conformer. On ne saurait faire le bras de fer avec le gouvernement\u00a0\u00bb.<\/em><\/p>\n<p>Toutefois, les chefs de compagnie de transport souhaitent voir le gouvernement s\u2019attaquer ardemment au transport clandestin. \u00ab\u00a0Nous payons des taxes, nous remplissons toutes nos obligations envers l\u2019Etat, mais des voitures qui n\u2019appartiennent \u00e0 aucune agence transportent clandestinement des gens au lieu mobile Emana. Il faut que \u00e7a cesse. Quand on va nous envoyer \u00e0 Olembe et que les autres restent, c\u2019est nous qui allons perdre\u00a0\u00bb, se lamente <strong>Serge Atangana Ambassa.<\/strong><\/p>\n<div class=\"sharedaddy sd-sharing-enabled robots-nocontent sd-block sd-social sd-social-icon-text sd-sharing\">\n<h3 class=\"sd-title\">Partager\u00a0:<\/h3>\n<\/div>\n<p><h3 class=\"jp-relatedposts-headline\"><em>Articles similaires<\/em><\/h3>\n<\/p>\n<\/div>\n<div class=\"toggle-post-content clearfix\"><a id=\"toggle-post-button\" class=\"button\" href=\"#\">Afficher plus <\/a><\/div>\n<p>Auteur: Francky<br \/>\n<a href=\"https:\/\/ecomatin.net\/tsimi-evouna-somme-les-transporteurs-interurbains-bases-a-tongolo-et-etoudi-de-deguerpir\/\">Cliquez ici pour lire l&rsquo;article depuis sa source.<\/a><\/p>\n","protected":false},"excerpt":{"rendered":"<p>Dans un communiqu\u00e9 sign\u00e9 le 23 d\u00e9cembre 2019,\u00a0Gilbert Tsimi Evouna, d\u00e9l\u00e9gu\u00e9 du gouvernement aupr\u00e8s de la Communaut\u00e9 urbaine de Yaound\u00e9 (CUY) somme les agences de voyage install\u00e9es entre le lieu-dit\u00a0\u00ab feux Tongolo \u00bb\u00a0et le carrefour Etoudi de prendre attache avec les services techniques comp\u00e9tents de sa municipalit\u00e9 (direction de l\u2019Urbanisme, de l\u2019architecture et du cadre [&hellip;]<\/p>\n","protected":false},"author":1969,"featured_media":0,"comment_status":"closed","ping_status":"closed","sticky":false,"template":"","format":"standard","meta":{"fifu_image_url":"","fifu_image_alt":"","footnotes":""},"categories":[82,78],"tags":[],"class_list":["post-72232","post","type-post","status-publish","format-standard","hentry","category-cameroun","category-economie"],"_links":{"self":[{"href":"https:\/\/linitiative.ca\/International\/wp-json\/wp\/v2\/posts\/72232","targetHints":{"allow":["GET"]}}],"collection":[{"href":"https:\/\/linitiative.ca\/International\/wp-json\/wp\/v2\/posts"}],"about":[{"href":"https:\/\/linitiative.ca\/International\/wp-json\/wp\/v2\/types\/post"}],"author":[{"embeddable":true,"href":"https:\/\/linitiative.ca\/International\/wp-json\/wp\/v2\/users\/1969"}],"replies":[{"embeddable":true,"href":"https:\/\/linitiative.ca\/International\/wp-json\/wp\/v2\/comments?post=72232"}],"version-history":[{"count":0,"href":"https:\/\/linitiative.ca\/International\/wp-json\/wp\/v2\/posts\/72232\/revisions"}],"wp:attachment":[{"href":"https:\/\/linitiative.ca\/International\/wp-json\/wp\/v2\/media?parent=72232"}],"wp:term":[{"taxonomy":"category","embeddable":true,"href":"https:\/\/linitiative.ca\/International\/wp-json\/wp\/v2\/categories?post=72232"},{"taxonomy":"post_tag","embeddable":true,"href":"https:\/\/linitiative.ca\/International\/wp-json\/wp\/v2\/tags?post=72232"}],"curies":[{"name":"wp","href":"https:\/\/api.w.org\/{rel}","templated":true}]}}