{"id":72334,"date":"2020-01-07T08:12:09","date_gmt":"2020-01-07T13:12:09","guid":{"rendered":"https:\/\/linitiative.ca\/International\/programme-maroc-innov-la-caravane-arrive-a-rhamna\/"},"modified":"2020-01-07T08:12:09","modified_gmt":"2020-01-07T13:12:09","slug":"programme-maroc-innov-la-caravane-arrive-a-rhamna","status":"publish","type":"post","link":"https:\/\/linitiative.ca\/International\/programme-maroc-innov-la-caravane-arrive-a-rhamna\/","title":{"rendered":"Programme Maroc-Innov : La caravane arrive  \u00e0 Rhamna"},"content":{"rendered":"<header>\n<div class=\"entry-post-meta\">\n<div class=\"author-link\">Publi\u00e9 par <a itemprop=\"author\" itemscope=\"\" itemtype=\"https:\/\/schema.org\/Person\" href=\"http:\/\/aujourdhui.ma\/profile\/kaid\" rel=\"author\"><span itemprop=\"name\">ALM<\/span><\/a><\/div>\n<p>Date\u00a0:<time content=\"2020-01-07T14:12:09+00:00\" class=\"entry-date updated\" datetime=\"2020-01-07T14:12:09+00:00\">janvier 07, 2020<\/time><\/p>\n<div class=\"entry-cat\">dans:<a href=\"http:\/\/aujourdhui.ma\/category\/emploi\/formation\" rel=\"category tag\">Formation<\/a><\/div>\n<p>0 Vues<\/p>\n<\/div>\n<\/header>\n<div class=\"entry-content clearfix\" readability=\"44\"><img decoding=\"async\" class=\"post_layout_5_img\" src=\"http:\/\/aujourdhui.ma\/wp-content\/uploads\/2020\/01\/Formation-Innov-Maroc.jpg?x29840\" alt=\"Programme Maroc-Innov : La caravane arrive \u00e0 Rhamna\"\/><\/p>\n<p class=\"p1\"><span class=\"s1\"><span class=\"c4\"><strong>Le programme Maroc-Innov s\u2019ouvre aux jeunes porteurs de projets de la province de Rhamna.<\/strong><\/span><\/span> <span id=\"more-328919\"\/><\/p>\n<p class=\"p1\"><span class=\"s1\">A partir du 14 janvier en effet, une caravane de sensibilisation sillonnera la r\u00e9gion. Port\u00e9 par la fondation R &#038; D et d\u2019innovation en sciences et ing\u00e9nierie, ce programme s\u2019adresse aux porteurs d\u2019id\u00e9es, d\u2019initiatives, produits ou services innovants.<\/span><\/p>\n<p class=\"p1\"><span class=\"s1\">Cette \u00e9dition a permis de s\u00e9lectionner 130 projets qui b\u00e9n\u00e9ficieront d\u2019un processus d\u2019acc\u00e9l\u00e9ration et 28 d\u2019actions d\u2019accompagnement pendant deux ans \u00e0 des fins de d\u00e9veloppement de start-up.<span class=\"Apple-converted-space\">\u00a0 \u00a0 \u00a0<\/span><\/span><\/p>\n<\/div>\n<p>Auteur: ALM<br \/>\n<a href=\"http:\/\/aujourdhui.ma\/emploi\/formation\/programme-maroc-innov-la-caravane-arrive-a-rhamna\">Cliquez ici pour lire l&rsquo;article depuis sa source.<\/a><\/p>\n","protected":false},"excerpt":{"rendered":"<p>Publi\u00e9 par ALM Date\u00a0:janvier 07, 2020 dans:Formation 0 Vues Le programme Maroc-Innov s\u2019ouvre aux jeunes porteurs de projets de la province de Rhamna. A partir du 14 janvier en effet, une caravane de sensibilisation sillonnera la r\u00e9gion. Port\u00e9 par la fondation R &#038; D et d\u2019innovation en sciences et ing\u00e9nierie, ce programme s\u2019adresse aux porteurs [&hellip;]<\/p>\n","protected":false},"author":1759,"featured_media":0,"comment_status":"closed","ping_status":"closed","sticky":false,"template":"","format":"standard","meta":{"fifu_image_url":"","fifu_image_alt":"","footnotes":""},"categories":[73,54],"tags":[],"class_list":["post-72334","post","type-post","status-publish","format-standard","hentry","category-actualite","category-maroc"],"_links":{"self":[{"href":"https:\/\/linitiative.ca\/International\/wp-json\/wp\/v2\/posts\/72334","targetHints":{"allow":["GET"]}}],"collection":[{"href":"https:\/\/linitiative.ca\/International\/wp-json\/wp\/v2\/posts"}],"about":[{"href":"https:\/\/linitiative.ca\/International\/wp-json\/wp\/v2\/types\/post"}],"author":[{"embeddable":true,"href":"https:\/\/linitiative.ca\/International\/wp-json\/wp\/v2\/users\/1759"}],"replies":[{"embeddable":true,"href":"https:\/\/linitiative.ca\/International\/wp-json\/wp\/v2\/comments?post=72334"}],"version-history":[{"count":0,"href":"https:\/\/linitiative.ca\/International\/wp-json\/wp\/v2\/posts\/72334\/revisions"}],"wp:attachment":[{"href":"https:\/\/linitiative.ca\/International\/wp-json\/wp\/v2\/media?parent=72334"}],"wp:term":[{"taxonomy":"category","embeddable":true,"href":"https:\/\/linitiative.ca\/International\/wp-json\/wp\/v2\/categories?post=72334"},{"taxonomy":"post_tag","embeddable":true,"href":"https:\/\/linitiative.ca\/International\/wp-json\/wp\/v2\/tags?post=72334"}],"curies":[{"name":"wp","href":"https:\/\/api.w.org\/{rel}","templated":true}]}}