{"id":72335,"date":"2020-01-07T08:25:26","date_gmt":"2020-01-07T13:25:26","guid":{"rendered":"https:\/\/linitiative.ca\/International\/passagers-veut-promouvoir-lentrepreneuriat-culturel-en-2020\/"},"modified":"2020-01-07T08:25:26","modified_gmt":"2020-01-07T13:25:26","slug":"passagers-veut-promouvoir-lentrepreneuriat-culturel-en-2020","status":"publish","type":"post","link":"https:\/\/linitiative.ca\/International\/passagers-veut-promouvoir-lentrepreneuriat-culturel-en-2020\/","title":{"rendered":"\u00abPassagers\u00bb veut promouvoir l\u2019entrepreneuriat culturel en 2020"},"content":{"rendered":"<p><img decoding=\"async\" class=\"post_layout_5_img\" src=\"http:\/\/aujourdhui.ma\/wp-content\/uploads\/2020\/01\/Association-Passagers.jpg?x29840\" alt=\"\u00abPassagers\u00bb veut promouvoir l\u2019entrepreneuriat culturel en 2020\"\/><\/p>\n<p class=\"p1\"><span class=\"c5\"><strong><span class=\"c4\"><em>L\u2019association bas\u00e9e \u00e0 Oujda \u0153uvre pour les jeunes<\/em><\/span><\/strong><\/span> <span id=\"more-328884\"\/><\/p>\n<p class=\"p2\"><span class=\"s1\">L\u2019association Passagers art et d\u00e9veloppement \u00e0 Oujda a de nouvelles perspectives pour 2020. <em>\u00abNous nous focaliserons sur l\u2019entrepreneuriat culturel chez les jeunes, tout en gardant un \u0153il sur l\u2019identit\u00e9 de nos actions avec des cibles jeunes et respectant le genre\u00bb.<\/em> Idriss El Fatih Hadef, pr\u00e9sident de cette structure regroupant d\u2019autres jeunes, qui s\u2019exprime sur ces perspectives, en r\u00e9v\u00e8le \u00e9galement les activit\u00e9s pour cette ann\u00e9e. En d\u00e9tail, \u00abYallah Chabab\u00bb ciblera 5 lyc\u00e9es de la capitale de l\u2019Oriental pour rencontrer plus de 1.000 b\u00e9n\u00e9ficiaires. Ce sont, selon ses dires, des rencontres story telling (raconter des histoires) entre les lyc\u00e9ens et des jeunes qui ont commenc\u00e9 une carri\u00e8re professionnelle, des jeunes originaires de la m\u00eame ville, qui ont grandi dans le m\u00eame contexte. Ces rencontres sont suivies par des ateliers sur le genre, la prise de parole en public et la sensibilisation \u00e0 la chose publique. De plus, l\u2019activit\u00e9 \u00abNdirou 9hioua\u00bb consiste en un caf\u00e9 d\u00e9bat mensuel qui met les d\u00e9cideurs face \u00e0 des jeunes qui ont des questions, avec des virgules artistiques.<\/span><\/p>\n<p class=\"p2\"><span class=\"s1\">Cette ann\u00e9e, l\u2019action sera diffus\u00e9e sur la radio r\u00e9gionale de la SNRT. Pour promouvoir l\u2019entrepreneuriat culturel, <em>\u00abdes formations au profit des jeunes dans les m\u00e9tiers de l\u2019art et la culture, pour faire d\u2019eux des auto-entrepreneurs\u00bb.<\/em> Dans ce sens, 5 sessions sont pr\u00e9vues, avec des opportunit\u00e9s de stage dans le cadre du jumelage avec la ville de Lille dans une \u00abSmart coop\u00bb (ndlr, coop\u00e9rative). Outre ce jumelage, \u00abPassagers\u00bb a eu des \u00e9changes avec l\u2019association Velours \u00e0 Reims et Grenoble. Et dans le cadre de la valorisation du patrimoine mat\u00e9riel et immat\u00e9riel, une balade artistique sera organis\u00e9e \u00e0 l\u2019ancienne m\u00e9dina d\u2019Oujda, passant par ses monuments, avec des pauses musicales anim\u00e9es par les jeunes.<\/span><\/p>\n<p class=\"p2\"><span class=\"s1\">Entre-temps, \u00abPassagers\u00bb organise mensuellement \u00abMezzek\u2019Night\u00bb, un micro ouvert aux jeunes musiciens pour faire le networking avec des producteurs potentiels.<\/span><\/p>\n<p class=\"p2\"><span class=\"s1\">A son tour, \u00abL\u2019underground\u00bb est une activit\u00e9 organis\u00e9e trimestriellement par l\u2019association dans le cadre du programme \u00abOujda Jeunesse\u00bb avec le minist\u00e8re de la cultutre, de la jeunesse et des sports.<span class=\"Apple-converted-space\">\u00a0 \u00a0<\/span><\/span><\/p>\n<p class=\"p2\"><span class=\"s1\">Aussi, le 5\u00e8me march\u00e9 de la musique appel\u00e9 \u00abL\u2019Karfour\u00bb sera marqu\u00e9 en mars prochain par des formations, conf\u00e9rences, expositions et show cases, entre autres, destin\u00e9s aux artistes, productions, entreprises, coop\u00e9ratives et institutions. \u00abPenser l\u2019entrepreneuriat culturel comme moyen d\u2019inclusion socio-\u00e9conomique des jeunes est devenu une n\u00e9cessit\u00e9\u00bb, ajoute le comit\u00e9 d\u2019organisation de \u00abL\u2019Karfour\u00bb. Organis\u00e9 avec d\u2019autres associations partenaires comme \u00abAix\u2019Qui?\u00bb et le groupe de musique \u00abSnitra\u00bb, ce march\u00e9, dont Brahim El Mezned est le directeur artistique, envisage d\u2019atteindre un nombre de participants se chiffrant \u00e0 8000. \u00abL\u2019Karfour\u00bb, un tremplin pour les jeunes groupes, sera \u00e9galement marqu\u00e9 par des conf\u00e9rences autour de l\u2019implication de la femme dans la musique sans en faire un outil pour d\u00e9fendre ses droits. Cet \u00e9v\u00e9nement traitera, de plus, de l\u2019industrie culturelle et de la mani\u00e8re dont la musique peut tirer des b\u00e9n\u00e9fices du digital.<\/span><\/p>\n<p class=\"p2\"><span class=\"s1\">Dans l\u2019ensemble, \u00abPassagers\u00bb, fond\u00e9e en 2011 et qui rassemble des membres install\u00e9s au Maroc et \u00e0 l\u2019\u00e9tranger, organise des activit\u00e9s de proximit\u00e9. L\u2019entrepreneuriat culturel \u00e9tant au centre de ses int\u00e9r\u00eats. Avec l\u2019Association pour la promotion de l\u2019\u00e9ducation et de la formation \u00e0 l\u2019\u00e9tranger, \u00abPassagers\u00bb a, pour l\u2019heure, form\u00e9 plus de 20 jeunes en entrepreneuriat culturel.<\/span><\/p>\n<p>Auteur: Salima Guisser<br \/>\n<a href=\"http:\/\/aujourdhui.ma\/culture\/passagers-veut-promouvoir-lentrepreneuriat-culturel-en-2020\">Cliquez ici pour lire l&rsquo;article depuis sa source.<\/a><\/p>\n","protected":false},"excerpt":{"rendered":"<p>L\u2019association bas\u00e9e \u00e0 Oujda \u0153uvre pour les jeunes L\u2019association Passagers art et d\u00e9veloppement \u00e0 Oujda a de nouvelles perspectives pour 2020. \u00abNous nous focaliserons sur l\u2019entrepreneuriat culturel chez les jeunes, tout en gardant un \u0153il sur l\u2019identit\u00e9 de nos actions avec des cibles jeunes et respectant le genre\u00bb. Idriss El Fatih Hadef, pr\u00e9sident de cette [&hellip;]<\/p>\n","protected":false},"author":1759,"featured_media":0,"comment_status":"closed","ping_status":"closed","sticky":false,"template":"","format":"standard","meta":{"fifu_image_url":"","fifu_image_alt":"","footnotes":""},"categories":[73,54],"tags":[],"class_list":["post-72335","post","type-post","status-publish","format-standard","hentry","category-actualite","category-maroc"],"_links":{"self":[{"href":"https:\/\/linitiative.ca\/International\/wp-json\/wp\/v2\/posts\/72335","targetHints":{"allow":["GET"]}}],"collection":[{"href":"https:\/\/linitiative.ca\/International\/wp-json\/wp\/v2\/posts"}],"about":[{"href":"https:\/\/linitiative.ca\/International\/wp-json\/wp\/v2\/types\/post"}],"author":[{"embeddable":true,"href":"https:\/\/linitiative.ca\/International\/wp-json\/wp\/v2\/users\/1759"}],"replies":[{"embeddable":true,"href":"https:\/\/linitiative.ca\/International\/wp-json\/wp\/v2\/comments?post=72335"}],"version-history":[{"count":0,"href":"https:\/\/linitiative.ca\/International\/wp-json\/wp\/v2\/posts\/72335\/revisions"}],"wp:attachment":[{"href":"https:\/\/linitiative.ca\/International\/wp-json\/wp\/v2\/media?parent=72335"}],"wp:term":[{"taxonomy":"category","embeddable":true,"href":"https:\/\/linitiative.ca\/International\/wp-json\/wp\/v2\/categories?post=72335"},{"taxonomy":"post_tag","embeddable":true,"href":"https:\/\/linitiative.ca\/International\/wp-json\/wp\/v2\/tags?post=72335"}],"curies":[{"name":"wp","href":"https:\/\/api.w.org\/{rel}","templated":true}]}}