{"id":72336,"date":"2020-01-07T09:00:07","date_gmt":"2020-01-07T14:00:07","guid":{"rendered":"https:\/\/linitiative.ca\/International\/industrie-4-0-emines-junior-entreprise-dresse-son-bilan\/"},"modified":"2020-01-07T09:00:07","modified_gmt":"2020-01-07T14:00:07","slug":"industrie-4-0-emines-junior-entreprise-dresse-son-bilan","status":"publish","type":"post","link":"https:\/\/linitiative.ca\/International\/industrie-4-0-emines-junior-entreprise-dresse-son-bilan\/","title":{"rendered":"Industrie 4.0 : Emines Junior Entreprise dresse son bilan"},"content":{"rendered":"<p><img decoding=\"async\" class=\"post_layout_5_img\" src=\"http:\/\/aujourdhui.ma\/wp-content\/uploads\/2020\/01\/EMINES-Junior-Entreprise.jpg?x29840\" alt=\"Industrie 4.0 : Emines Junior Entreprise dresse son bilan\"\/><\/p>\n<p class=\"p1\"><strong><span class=\"s1 c4\"><em>L\u2019Ecole de management industriel b\u00e9n\u00e9ficie depuis sa cr\u00e9ation de l\u2019\u00e9cosyst\u00e8me d\u2019innovation cr\u00e9\u00e9 par l\u2019Universit\u00e9 Mohammed VI \u00e0 Benghrir. Sa junior entreprise qui s\u2019est distingu\u00e9e en 2017 comme meilleure de l\u2019ann\u00e9e revient sur les faits marquants et anticipe les besoins en innovation dans un contexte en perp\u00e9tuel changement. Les d\u00e9tails.<\/em><\/span><\/strong><span id=\"more-328920\"\/><\/p>\n<div class=\"base-box mom_box_sc_custom mom_box_sc clear c5\" readability=\"8\">\n<p class=\"p1\"><span class=\"s1\"><strong>Le concept des Juniors Entreprises permet r\u00e9solument de mettre l\u2019entrepreneuriat au c\u0153ur des priorit\u00e9s des \u00e9tudiants.<\/strong><\/span><\/p>\n<\/div>\n<p class=\"p1\"><span class=\"s1\">Comme tout concept de junior entreprise, l\u2019Emines Junior Entreprise a pour mission de cr\u00e9er un pont entre les \u00e9tudiants qu\u2019elle repr\u00e9sente et les<span class=\"Apple-converted-space\">\u00a0<\/span> entreprises de tout secteur. A la cl\u00e9, la r\u00e9alisation de projets concrets et le d\u00e9veloppement de leur capacit\u00e9 d\u2019analyse et de leurs comp\u00e9tences manag\u00e9riales ! La r\u00e9mun\u00e9ration repr\u00e9sentant une source de motivation suppl\u00e9mentaire pour ses jeunes \u00e9tudiants.<\/span><\/p>\n<p class=\"p1\"><span class=\"s1\">Pour rappel, l\u2019EJE se distingue par sa capacit\u00e9 \u00e0 r\u00e9pondre \u00e0 des demandes pointues dans le domaine de l\u2019Analytic, Digital, l\u2019industrie 4.0, le Design Thinking\u2026<\/span><\/p>\n<p class=\"p1\"><span class=\"s1\">Le Label Junior espoir, en tant que meilleure junior cr\u00e9ation lors du Congr\u00e8s national des juniors entreprises marocaines organis\u00e9 par la Conf\u00e9d\u00e9ration des juniors entreprises marocaines (CJEM) en septembre 2017 lui a \u00e9galement permis de se d\u00e9marquer. Il faut dire que les 4 domaines autour desquels \u00e9voluent les \u00e9tudiants sont aujourd\u2019hui d\u00e9terminants. Qu\u2019il s\u2019agisse d\u2019analytic (traitement de donn\u00e9es, conception de dashboard\u2026) ou de l\u2019intelligence artificielle (machine &#038; deep learning, algorithme heuristiques, d\u00e9tection et identification en temps r\u00e9el), les \u00e9tudiants \u0153uvrent dans le sens de l\u2019expertise. Le second registre de comp\u00e9tences concerne le digital. A ce niveau, l\u2019EJE entend se positionner dans le d\u00e9veloppement web et mobile, le d\u00e9veloppement d\u2019applications (solutions de gestion, d\u00e9veloppement de base de donn\u00e9es, d\u00e9veloppement des jeux), ou encore l\u2019infographie. Ces domaines ayant \u00e9t\u00e9 d\u00e9sign\u00e9s par plusieurs cabinets internationaux comme \u00e9tant les m\u00e9tiers de demain.\u00a0<\/span><\/p>\n<p><a href=\"http:\/\/aujourdhui.ma\/wp-content\/uploads\/2020\/01\/EMINES-Junior-Entreprise-.jpg?x29840\"><img loading=\"lazy\" decoding=\"async\" class=\"size-full wp-image-328925 aligncenter\" src=\"http:\/\/aujourdhui.ma\/wp-content\/uploads\/2020\/01\/EMINES-Junior-Entreprise-.jpg?x29840\" alt=\"\" width=\"746\" height=\"380\" srcset=\"http:\/\/aujourdhui.ma\/wp-content\/uploads\/2020\/01\/EMINES-Junior-Entreprise-.jpg 746w, http:\/\/aujourdhui.ma\/wp-content\/uploads\/2020\/01\/EMINES-Junior-Entreprise--300x153.jpg 300w\" sizes=\"auto, (max-width: 746px) 100vw, 746px\"\/><\/a><\/p>\n<p class=\"p1\"><span class=\"s1\">L\u2019industrie 4.0 int\u00e8gre en effet la partie mod\u00e9lisation (mod\u00e8le de recherche op\u00e9rationnelle, mod\u00e8le de simulation \u00e0 \u00e9v\u00e9nements discrets), celle d\u00e9di\u00e9e \u00e0 l\u2019ing\u00e9nierie (\u00e9lectronique et Internet of things, automatique et syst\u00e8mes embarqu\u00e9s). L\u2019innovation passant le \u00abDesign Thinking\u00bb; un concept reposant sur la cr\u00e9ation et l\u2019animation d\u2019ateliers collaboratifs et l\u2019organisation de Hackathon.Depuis sa cr\u00e9ation, l\u2019Emines Junior Entreprise a soutenu le mouvement des Juniors Entreprises au Maroc, \u00e0 travers Solar Decathlon Africa (4\u00e8me place au Solar Decathlon Africa) et NeoPetra (prix de distinction et d\u2019excellence).<\/span><\/p>\n<p class=\"p1\"><span class=\"s1\">Le concept des Juniors Entreprises permet r\u00e9solument de mettre l\u2019entrepreneuriat au c\u0153ur des priorit\u00e9s des \u00e9tudiants. Au Maroc, La Conf\u00e9d\u00e9ration des Junior Entreprises marocaines a \u00e9t\u00e9 cr\u00e9\u00e9e en 2016 pour promouvoir le concept des JE au niveau national. Le statut de Junior-Entreprise a ainsi \u00e9t\u00e9 juridiquement reconnu et valoris\u00e9 aupr\u00e8s des entreprises.<\/span><\/p>\n<p class=\"p1\"><span class=\"s1\">Pour l\u2019heure, la CJEM compte 20 Juniors \u00e0 l\u2019\u00e9chelle nationale dont 11 Junior-Cr\u00e9ations, parmi lesquelles se trouve l\u2019Emines Junior Entreprise (EJE).<\/span><\/p>\n<p>Auteur: Dounia Essabban<br \/>\n<a href=\"http:\/\/aujourdhui.ma\/emploi\/industrie-4-0-emines-junior-entreprise-dresse-son-bilan\">Cliquez ici pour lire l&rsquo;article depuis sa source.<\/a><\/p>\n","protected":false},"excerpt":{"rendered":"<p>L\u2019Ecole de management industriel b\u00e9n\u00e9ficie depuis sa cr\u00e9ation de l\u2019\u00e9cosyst\u00e8me d\u2019innovation cr\u00e9\u00e9 par l\u2019Universit\u00e9 Mohammed VI \u00e0 Benghrir. Sa junior entreprise qui s\u2019est distingu\u00e9e en 2017 comme meilleure de l\u2019ann\u00e9e revient sur les faits marquants et anticipe les besoins en innovation dans un contexte en perp\u00e9tuel changement. Les d\u00e9tails. Le concept des Juniors Entreprises permet [&hellip;]<\/p>\n","protected":false},"author":1759,"featured_media":0,"comment_status":"closed","ping_status":"closed","sticky":false,"template":"","format":"standard","meta":{"fifu_image_url":"","fifu_image_alt":"","footnotes":""},"categories":[73,54],"tags":[],"class_list":["post-72336","post","type-post","status-publish","format-standard","hentry","category-actualite","category-maroc"],"_links":{"self":[{"href":"https:\/\/linitiative.ca\/International\/wp-json\/wp\/v2\/posts\/72336","targetHints":{"allow":["GET"]}}],"collection":[{"href":"https:\/\/linitiative.ca\/International\/wp-json\/wp\/v2\/posts"}],"about":[{"href":"https:\/\/linitiative.ca\/International\/wp-json\/wp\/v2\/types\/post"}],"author":[{"embeddable":true,"href":"https:\/\/linitiative.ca\/International\/wp-json\/wp\/v2\/users\/1759"}],"replies":[{"embeddable":true,"href":"https:\/\/linitiative.ca\/International\/wp-json\/wp\/v2\/comments?post=72336"}],"version-history":[{"count":0,"href":"https:\/\/linitiative.ca\/International\/wp-json\/wp\/v2\/posts\/72336\/revisions"}],"wp:attachment":[{"href":"https:\/\/linitiative.ca\/International\/wp-json\/wp\/v2\/media?parent=72336"}],"wp:term":[{"taxonomy":"category","embeddable":true,"href":"https:\/\/linitiative.ca\/International\/wp-json\/wp\/v2\/categories?post=72336"},{"taxonomy":"post_tag","embeddable":true,"href":"https:\/\/linitiative.ca\/International\/wp-json\/wp\/v2\/tags?post=72336"}],"curies":[{"name":"wp","href":"https:\/\/api.w.org\/{rel}","templated":true}]}}