{"id":72339,"date":"2020-01-07T05:17:18","date_gmt":"2020-01-07T10:17:18","guid":{"rendered":"https:\/\/linitiative.ca\/International\/le-general-soleimani-un-mort-qui-crie-vengeance\/"},"modified":"2020-01-07T05:17:18","modified_gmt":"2020-01-07T10:17:18","slug":"le-general-soleimani-un-mort-qui-crie-vengeance","status":"publish","type":"post","link":"https:\/\/linitiative.ca\/International\/le-general-soleimani-un-mort-qui-crie-vengeance\/","title":{"rendered":"Le g\u00e9n\u00e9ral Soleimani, un mort qui crie vengeance!"},"content":{"rendered":"<p class=\"has-text-color has-vivid-cyan-blue-color\"><strong>Si les morts dans les conflits qui, depuis des d\u00e9cennies, embrasent le Golfe et le Proche et\u00a0 Moyen-Orient se comptent par dizaines de milliers et m\u00eame plus sans que cela n\u2019\u00e9meut grand monde, celle d\u2019un certain g\u00e9n\u00e9ral iranien r\u00e9pondant au nom de Qassem Soleimani, intervenue ce vendredi 3 janvier lorsque les forces am\u00e9ricaines ont bombard\u00e9 la capitale irakienne, semble avoir fait beaucoup plus de bruit que le bombardement qui est venu \u00e0 bout de l\u2019int\u00e9ress\u00e9 au vu de la brusque mont\u00e9e des tensions dans la r\u00e9gion et du branle-bas de combat qui s\u2019en est suivi dans toutes les chancelleries de la plan\u00e8te.<\/strong><\/p>\n<p>Et si le pr\u00e9sident irakien Barham Saleh a appel\u00e9 \u00e0 \u00abla retenue\u00bb, son premier ministre d\u00e9missionnaire Abdel Mahdi reste, pour sa part, convaincu que le raid am\u00e9ricain va incontestablement \u00abd\u00e9clencher une guerre d\u00e9vastatrice en Irak\u00bb.<\/p>\n<p>Comment, en effet, pourrait-il en \u00eatre autrement quand, imm\u00e9diatement apr\u00e8s les faits, le guide supr\u00eame iranien, l\u2019ayatollah Ali Khamenei, a d\u00e9cr\u00e9t\u00e9 un deuil national de trois jours et promis de venger la mort de celui qui \u00e9tait charg\u00e9 des op\u00e9rations ext\u00e9rieures de l\u2019Iran et que le pr\u00e9sident iranien, Hassan Rohani, s\u2019est dit persuad\u00e9 que \u00abla grande nation d\u2019Iran et les autres nations libres de la r\u00e9gion prendront leur revanche sur l\u2019Am\u00e9rique criminelle pour cet horrible meurtre\u00bb?<\/p>\n<p>Mais qui est, au juste, le personnage tomb\u00e9 \u00e0 Baghdad lors du bombardement am\u00e9ricain de ce vendredi?<\/p>\n<p>Ag\u00e9 de 62 ans, cet iranien charismatique, au visage orn\u00e9 d\u2019une barbe poivre et sel, qui dirigeait la force \u00abAl Qods\u00bb des gardiens de la R\u00e9volution en charge des op\u00e9rations ext\u00e9rieures de la R\u00e9publique islamique \u00e9tait devenu, ces derni\u00e8res ann\u00e9es, une v\u00e9ritable star dans son pays au vu des tr\u00e8s nombreux \u00abfollowers\u00bb qui le suivaient sur son compte \u00abInstagram\u00bb depuis qu\u2019en 2018 il avait pris le devant de la sc\u00e8ne en participant activement aux tractations politiques men\u00e9es par T\u00e9h\u00e9ran en pr\u00e9lude \u00e0 la formation d\u2019un gouvernement irakien. Mais il n\u2019y a pas que \u00e7\u00e0 car tant ses partisans que ses d\u00e9tracteurs reconnaissent le r\u00f4le important que cet officier a jou\u00e9 dans le combat contre les forces jihadistes devenant, ainsi, l\u2019homme-cl\u00e9 de l\u2019influence iranienne au Moyen-Orient en parvenant \u00e0 renforcer le poids diplomatique de la R\u00e9publique des Mollahs dans la r\u00e9gion.<\/p>\n<p>Mais, l\u2019homme \u00e9tait, aussi et surtout, la \u00abb\u00eate noire\u00bb d\u2019Isra\u00ebl et de l\u2019organisation Etat islamique depuis qu\u2019il avait r\u00e9ussi \u00e0 vaincre Daech en Irak et en Syrie \u2013 deux pays o\u00f9 les Etats-Unis sont engag\u00e9s militairement \u2013 et \u00e0 le bouter hors des territoires qu\u2019il contr\u00f4lait. C\u2019est donc bien le g\u00e9n\u00e9ral iranien tomb\u00e9 dans le bombardement am\u00e9ricain de ce vendredi qui a mis en \u00e9chec le r\u00eave am\u00e9ricano-sioniste d\u2019un d\u00e9coupage de l\u2019Irak et de la Syrie en des mini-\u00e9tats \u00e0 base confessionnelle et ethnique; un des volets les plus importants de ce \u00abGrand Moyen-Orient\u00bb si cher aux n\u00e9oconservateurs am\u00e9ricains et aux id\u00e9ologues de l\u2019Etat sioniste. Aussi, d\u00e8s l\u2019annonce de sa mort, le Premier ministre isra\u00e9lien, qui s\u2019en est grandement r\u00e9joui, a interrompu son voyage officiel en Gr\u00e8ce pour rentrer \u00e0 Tel-Aviv alors que Naftali Benett, le ministre isra\u00e9lien de la D\u00e9fense, a convoqu\u00e9 une r\u00e9union d\u2019urgence des chefs des services sp\u00e9ciaux et des diff\u00e9rents corps de l\u2019arm\u00e9e qui a \u00e9t\u00e9 mise en \u00e9tat d\u2019alerte.<\/p>\n<p>Ainsi, \u00e0 l\u2019issue de l\u2019entretien t\u00e9l\u00e9phonique qu\u2019il a eu avec son homologue fran\u00e7ais soucieux d\u2019\u00ab\u00e9viter une escalade dangereuse des tensions\u00bb, le pr\u00e9sident russe Vladimir Poutine a estim\u00e9 que l\u2019assassinat du g\u00e9n\u00e9ral iranien risque d\u2019\u00abaggraver la situation\u00bb dans la r\u00e9gion. Aussi, les deux chefs d\u2019Etat ont-ils convenu de rester \u00aben contact \u00e9troit\u00bb pour \u00ab\u00e9viter une escalade dangereuse des tensions\u00bb.<\/p>\n<p>Consid\u00e9rant, par ailleurs, que \u00able monde ne peut se permettre une nouvelle guerre dans le Golfe\u00bb, Antonio Guterres, le Secr\u00e9taire g\u00e9n\u00e9ral de l\u2019ONU, a demand\u00e9, de son c\u00f4t\u00e9, aux \u00abdirigeants de faire preuve du maximum de retenue\u00bb alors que le chef de la diplomatie fran\u00e7aise, Jean-Yves Le Drian, a exhort\u00e9 T\u00e9h\u00e9ran \u00e0 \u00e9viter \u00abune grave crise de prolif\u00e9ration nucl\u00e9aire et que son homologue britannique, Dominic Raab, a appel\u00e9 \u00ab toutes les parties \u00e0 la d\u00e9sescalade\u00bb.<\/p>\n<p>Enfin, l\u2019Allemagne qui, par la voix d\u2019Ulrike Demmer, la porte-parole de la chancellerie, a exprim\u00e9 sa \u00abgrande inqui\u00e9tude\u00bb pr\u00e9conise, pour sa part, la recherche de \u00absolutions diplomatiques\u00bb pendant que P\u00e9kin a demand\u00e9 \u00ab\u00e0 toutes les parties concern\u00e9es, et en particulier aux Etats-Unis,\u00a0 de garder leur calme et de faire preuve de retenue afin d\u2019\u00e9viter une nouvelle escalade des tensions\u00bb.<\/p>\n<p>Ces appels \u00e0 la raison et \u00e0 la retenue vont-ils \u00eatre entendus aussi bien par les uns que par les autres afin de faire \u00e9viter au Golfe le terrible embrasement qui se profile \u00e0 l\u2019horizon ? Rien ne l\u2019indique pour l\u2019heure mais attendons pour voir\u2026<\/p>\n<p class=\"c2\"><strong>Nabil Bousaadi<\/strong><\/p>\n<p>Auteur: M&rsquo;hammed rahal<br \/>\n<a href=\"http:\/\/albayane.press.ma\/le-general-soleimani-un-mort-qui-crie-vengeance.html\">Cliquez ici pour lire l&rsquo;article depuis sa source.<\/a><\/p>\n","protected":false},"excerpt":{"rendered":"<p>Si les morts dans les conflits qui, depuis des d\u00e9cennies, embrasent le Golfe et le Proche et\u00a0 Moyen-Orient se comptent par dizaines de milliers et m\u00eame plus sans que cela n\u2019\u00e9meut grand monde, celle d\u2019un certain g\u00e9n\u00e9ral iranien r\u00e9pondant au nom de Qassem Soleimani, intervenue ce vendredi 3 janvier lorsque les forces am\u00e9ricaines ont bombard\u00e9 [&hellip;]<\/p>\n","protected":false},"author":1760,"featured_media":0,"comment_status":"closed","ping_status":"closed","sticky":false,"template":"","format":"standard","meta":{"fifu_image_url":"","fifu_image_alt":"","footnotes":""},"categories":[73,54],"tags":[],"class_list":["post-72339","post","type-post","status-publish","format-standard","hentry","category-actualite","category-maroc"],"_links":{"self":[{"href":"https:\/\/linitiative.ca\/International\/wp-json\/wp\/v2\/posts\/72339","targetHints":{"allow":["GET"]}}],"collection":[{"href":"https:\/\/linitiative.ca\/International\/wp-json\/wp\/v2\/posts"}],"about":[{"href":"https:\/\/linitiative.ca\/International\/wp-json\/wp\/v2\/types\/post"}],"author":[{"embeddable":true,"href":"https:\/\/linitiative.ca\/International\/wp-json\/wp\/v2\/users\/1760"}],"replies":[{"embeddable":true,"href":"https:\/\/linitiative.ca\/International\/wp-json\/wp\/v2\/comments?post=72339"}],"version-history":[{"count":0,"href":"https:\/\/linitiative.ca\/International\/wp-json\/wp\/v2\/posts\/72339\/revisions"}],"wp:attachment":[{"href":"https:\/\/linitiative.ca\/International\/wp-json\/wp\/v2\/media?parent=72339"}],"wp:term":[{"taxonomy":"category","embeddable":true,"href":"https:\/\/linitiative.ca\/International\/wp-json\/wp\/v2\/categories?post=72339"},{"taxonomy":"post_tag","embeddable":true,"href":"https:\/\/linitiative.ca\/International\/wp-json\/wp\/v2\/tags?post=72339"}],"curies":[{"name":"wp","href":"https:\/\/api.w.org\/{rel}","templated":true}]}}