{"id":72342,"date":"2020-01-07T13:04:12","date_gmt":"2020-01-07T18:04:12","guid":{"rendered":"https:\/\/linitiative.ca\/International\/nouvel-an-amazigh-le-marche-de-yennayer-ouvre-ses-portes-a-bejaia\/"},"modified":"2020-01-07T13:04:12","modified_gmt":"2020-01-07T18:04:12","slug":"nouvel-an-amazigh-le-marche-de-yennayer-ouvre-ses-portes-a-bejaia","status":"publish","type":"post","link":"https:\/\/linitiative.ca\/International\/nouvel-an-amazigh-le-marche-de-yennayer-ouvre-ses-portes-a-bejaia\/","title":{"rendered":"Nouvel An amazigh: le march\u00e9 de Yennayer ouvre ses portes \u00e0 Bejaia"},"content":{"rendered":"<div readability=\"40\">\n<p><strong>BEJAIA &#8211; Le march\u00e9 de Yennayer (nouvel An b\u00e9rb\u00e8re) a ouvert ses portes, lundi, \u00e0 la grande surface du lac d\u2019haddadene, en rassemblant plus d\u2019une centaine d\u2019exposants, venus d\u2019une douzaine de wilayas et rehauss\u00e9 par la pr\u00e9sence surprise d\u2019un d\u00e9l\u00e9gation d\u2019artisans libyens, arriv\u00e9s express\u00e9ment pour y participer.<\/strong><\/p>\n<\/div>\n<div readability=\"70\">\n<p>Le coup d\u2019envoi a \u00e9t\u00e9 donn\u00e9 par des troupes folkloriques dont les prestations ont d\u2019embl\u00e9e imprim\u00e9 \u00e0 l\u2019espace une ambiance de f\u00eate et de convivialit\u00e9. Il n\u2019y\u2019avait pas de solennit\u00e9, ni de fanfare mais beaucoup de complicit\u00e9, marqu\u00e9e par une m\u00eal\u00e9e heureuse et confraternelle, entre organisateurs, exposants et visiteurs, arriv\u00e9s en masse sur les lieux.<\/p>\n<p>A la surprise des rencontres voire des retrouvailles, le march\u00e9 \u00e9tant \u00e0 sa 2eme \u00e9dition, il y\u2019avait \u00e9galement le bonheur des d\u00e9couvertes et des offres, d\u00e9clin\u00e9s sur une large palette de choix, allant de l\u2019artisanat dans ses multiples facettes ( boiserie, forge, poterie, habit, etc..) aux livres en passant par les cr\u00e9ations artistiques, notamment, le bijou berb\u00e8re, la c\u00e9ramique, l\u2019\u00e9b\u00e9nisterie, et m\u00eame la verrerie. Un espace magique en somme, enti\u00e8rement d\u00e9di\u00e9 aux savoir-faire historique et aux affinements apport\u00e9s \u00e0 travers l\u2019histoire.<\/p>\n<p>Le moment est empreint de gr\u00e2ce, d\u2019autant que de multiples surprises sont pr\u00e9vues pour en faire le sublimer au fil des jours. Des concours gastronomiques, des repas collectifs, a travers certaines grandes art\u00e8res de la ville, des conf\u00e9rences, des projections cin\u00e9matographiques sont en effet au programme et dont la conjonction est de nature a colorer et \u00e9gayer substantiellement l\u2019ambiance g\u00e9n\u00e9rale de la ville qui par un heureux hasard b\u00e9n\u00e9ficie d\u2019un ensoleillement propice \u00e0 l\u2019\u00e9vasion, la d\u00e9couverte et la f\u00eate.<\/p>\n<\/div>\n<p>Auteur:<br \/>\n<a href=\"http:\/\/www.aps.dz\/culture\/99809-nouvel-an-amazigh-le-marche-de-yennayer-ouvre-ses-portes-a-bejaia\">Cliquez ici pour lire l&rsquo;article depuis sa source.<\/a><\/p>\n","protected":false},"excerpt":{"rendered":"<p>BEJAIA &#8211; Le march\u00e9 de Yennayer (nouvel An b\u00e9rb\u00e8re) a ouvert ses portes, lundi, \u00e0 la grande surface du lac d\u2019haddadene, en rassemblant plus d\u2019une centaine d\u2019exposants, venus d\u2019une douzaine de wilayas et rehauss\u00e9 par la pr\u00e9sence surprise d\u2019un d\u00e9l\u00e9gation d\u2019artisans libyens, arriv\u00e9s express\u00e9ment pour y participer. Le coup d\u2019envoi a \u00e9t\u00e9 donn\u00e9 par des [&hellip;]<\/p>\n","protected":false},"author":1790,"featured_media":0,"comment_status":"closed","ping_status":"closed","sticky":false,"template":"","format":"standard","meta":{"fifu_image_url":"","fifu_image_alt":"","footnotes":""},"categories":[53,79],"tags":[],"class_list":["post-72342","post","type-post","status-publish","format-standard","hentry","category-algerie","category-culture"],"_links":{"self":[{"href":"https:\/\/linitiative.ca\/International\/wp-json\/wp\/v2\/posts\/72342","targetHints":{"allow":["GET"]}}],"collection":[{"href":"https:\/\/linitiative.ca\/International\/wp-json\/wp\/v2\/posts"}],"about":[{"href":"https:\/\/linitiative.ca\/International\/wp-json\/wp\/v2\/types\/post"}],"author":[{"embeddable":true,"href":"https:\/\/linitiative.ca\/International\/wp-json\/wp\/v2\/users\/1790"}],"replies":[{"embeddable":true,"href":"https:\/\/linitiative.ca\/International\/wp-json\/wp\/v2\/comments?post=72342"}],"version-history":[{"count":0,"href":"https:\/\/linitiative.ca\/International\/wp-json\/wp\/v2\/posts\/72342\/revisions"}],"wp:attachment":[{"href":"https:\/\/linitiative.ca\/International\/wp-json\/wp\/v2\/media?parent=72342"}],"wp:term":[{"taxonomy":"category","embeddable":true,"href":"https:\/\/linitiative.ca\/International\/wp-json\/wp\/v2\/categories?post=72342"},{"taxonomy":"post_tag","embeddable":true,"href":"https:\/\/linitiative.ca\/International\/wp-json\/wp\/v2\/tags?post=72342"}],"curies":[{"name":"wp","href":"https:\/\/api.w.org\/{rel}","templated":true}]}}