{"id":72343,"date":"2020-01-07T13:04:17","date_gmt":"2020-01-07T18:04:17","guid":{"rendered":"https:\/\/linitiative.ca\/International\/yennayer-2970-la-wilaya-de-tipaza-abritera-les-festivites-officielles-et-nationales\/"},"modified":"2020-01-07T13:04:17","modified_gmt":"2020-01-07T18:04:17","slug":"yennayer-2970-la-wilaya-de-tipaza-abritera-les-festivites-officielles-et-nationales","status":"publish","type":"post","link":"https:\/\/linitiative.ca\/International\/yennayer-2970-la-wilaya-de-tipaza-abritera-les-festivites-officielles-et-nationales\/","title":{"rendered":"Yennayer 2970: la wilaya de Tipaza abritera les festivit\u00e9s officielles et nationales"},"content":{"rendered":"<div readability=\"38\">\n<p><strong>ALGER &#8211; La wilaya de Tipaza abritera cette ann\u00e9e les festivit\u00e9s officielles et nationales de Yennayer, marquant le d\u00e9but du nouvel an Amazigh 2970, a annonc\u00e9 mardi le Haut Commissariat \u00e0 l&rsquo;Amazighit\u00e9 (HCA) qui pr\u00e9voit un programme \u00ab\u00a0riche\u00a0\u00bb et \u00ab\u00a0instructif\u00a0\u00bb, alliant les aspects socio-\u00e9ducatifs et l&rsquo;aspect acad\u00e9mique.<\/strong><\/p>\n<\/div>\n<div readability=\"99.3022727273\">\n<p>\u00ab\u00a0Cette ann\u00e9e le HCA, pour abriter les festivit\u00e9s officielles et nationales, a choisi la wilaya de Tipaza mais avec un rayonnement sur l&rsquo;ensemble de ses communes, ainsi que l&rsquo;intervention habituelle au niveau des autres wilayas\u00a0\u00bb, a indiqu\u00e9 le HCA dans un communiqu\u00e9.<\/p>\n<p>Selon son secr\u00e9taire g\u00e9n\u00e9ral, Si El Hachemi Assad, le nouvel an amazigh Yennayer 2970 sera c\u00e9l\u00e9br\u00e9 cette ann\u00e9e \u00ab\u00a0avec un programme riche, instructif, alliant les aspects socio-\u00e9ducatifs (des expositions d&rsquo;artisanat et des manifestations artistiques et environnementales, comme la plantation d&rsquo;arbres) et l&rsquo;aspect acad\u00e9mique, \u00e0 travers un colloque qui r\u00e9unit des historiens, des arch\u00e9ologues, et des anthropologues et autres universitaires\u00a0\u00bb.<\/p>\n<blockquote readability=\"12\">\n<p><em><strong>La c\u00e9l\u00e9bration du nouvel an amazigh se distingue, cette ann\u00e9e, par la \u00ab\u00a0publication, en une seule \u00e9dition, de cinq titres traitant de Yennayer en tant que sujet d\u2019\u00e9tude et axe de r\u00e9flexion men\u00e9s par des universitaires aguerris\u00a0\u00bb, a-t-il ajout\u00e9.<\/strong><\/em><\/p>\n<\/blockquote>\n<hr\/>\n<h3>Lire aussi:\u00a0<a href=\"http:\/\/www.aps.dz\/algerie\/83376-yennayer-2969-consolidation-de-l-unite-de-l-algerie-a-travers-sa-diversite\" target=\"_blank\" rel=\"noopener noreferrer\">Yennayer 2969: consolidation de l&rsquo;unit\u00e9 de l&rsquo;Alg\u00e9rie \u00e0 travers sa diversit\u00e9<\/a><\/h3>\n<hr\/>\n<blockquote readability=\"10\">\n<p><em><strong>L\u2019objectif vis\u00e9, a-t-il poursuivi, est de \u00ab\u00a0mettre en exergue la port\u00e9e philosophique, historique, socio-culturelle et symbolique de cette f\u00eate ancestrale\u00a0\u00bb.<\/strong><\/em><\/p>\n<\/blockquote>\n<p>Le HCA rappelle, \u00e0 ce titre, que cette f\u00eate est \u00ab\u00a0c\u00e9l\u00e9br\u00e9e avec faste dans les foyers des diff\u00e9rentes r\u00e9gions du pays mais aussi sur les places publiques par les associations et les institutions de l&rsquo;Etat, notamment depuis la cons\u00e9cration du premier jour de l\u2019an amazigh, correspondant au 12 janvier de chaque ann\u00e9e, comme une journ\u00e9e ch\u00f4m\u00e9e et pay\u00e9e, en vertu de la modification en 2018 de la loi n\u00a0 63-278 du 26 juillet 1963 fixant la liste des f\u00eates l\u00e9gales en Alg\u00e9rie\u00a0\u00bb.<\/p>\n<p>Le HCA, les autres institutions de l\u2019Etat ainsi que la soci\u00e9t\u00e9 civile \u00ab\u00a0c\u00e9l\u00e8brent cet \u00e9v\u00e9nement dans sa dimension nationale, caract\u00e9ris\u00e9e par la richesse et la diversit\u00e9 de ses expressions culturelles et ses manifestations festives les plus authentiques\u00a0\u00bb, a-t-il soulign\u00e9.<\/p>\n<blockquote readability=\"6\">\n<p><em><strong>Il a estim\u00e9 que l&rsquo;\u00e9v\u00e8nement \u00ab\u00a0se veut un solide ferment dans la symbiose populaire et un ciment inalt\u00e9rable pour la coh\u00e9sion sociale et l\u2019unit\u00e9 du peuple alg\u00e9rien\u00a0\u00bb.<\/strong><\/em><\/p>\n<\/blockquote>\n<hr\/>\n<h3>Lire aussi:\u00a0<a href=\"http:\/\/www.aps.dz\/culture\/99791-celebration-de-yennayer-a-chlef-1ere-edition-du-meilleur-couscous-amazigh\" target=\"_blank\" rel=\"noopener noreferrer\">C\u00e9l\u00e9bration de Yennayer \u00e0 Chlef : 1\u00e8re \u00e9dition du meilleur couscous Amazigh<\/a><\/h3>\n<hr\/>\n<blockquote readability=\"15\">\n<p><em><strong>\u00ab\u00a0Autant Yennayer est une f\u00eate traditionnelle, marquant le d\u00e9but de l\u2019ann\u00e9e agraire, autant c\u2019est une tradition mill\u00e9naire de notre soci\u00e9t\u00e9\u00a0\u00bb, a-t-il fait remarquer, soulignant que cette f\u00eate \u00ab\u00a0nous rappelle que la dimension amazighe, comme les autres composantes consacr\u00e9es par la Constitution alg\u00e9rienne, \u00e9difie l&rsquo;unit\u00e9 de la nation, sa p\u00e9rennit\u00e9 et la coh\u00e9sion sociale de notre pays\u00a0\u00bb.<\/strong><\/em><\/p>\n<\/blockquote>\n<p>Pour le HCA, \u00ab\u00a0cette f\u00eate constitue le socle commun des valeurs ancestrales de convivialit\u00e9, de partage, de g\u00e9n\u00e9rosit\u00e9, de solidarit\u00e9 et du vivre ensemble\u00a0\u00bb.<\/p>\n<blockquote readability=\"12\">\n<p><em><strong>\u00ab\u00a0Yennayer doit \u00eatre li\u00e9 au sens v\u00e9hicul\u00e9 par la tradition, celui centr\u00e9 sur le respect de la terre et orient\u00e9 vers la connaissance scientifique en rapport avec la dimension historique\u00a0\u00bb, a-t-il soutenu, consid\u00e9rant Yennayer comme \u00ab\u00a0un rep\u00e8re \u00e0 la fois spatial et temporel, qui marque la profondeur de notre histoire et de notre patrimoine culturel\u00a0\u00bb.<\/strong><\/em><\/p>\n<\/blockquote>\n<p>Il a expliqu\u00e9, \u00e0 ce titre, que sur le plan patrimonial, cette f\u00eate c\u00e9l\u00e8bre la terre nourrici\u00e8re et le respect qui lui est d\u00fb en valorisant ce rapport \u00ab\u00a0charnel\u00a0\u00bb entre l&rsquo;homme et la terre dans ses diff\u00e9rents aspects \u00ab\u00a0qui doivent \u00eatre r\u00e9investis dans des perspectives \u00e9ducatives et de formation \u00e0 travers l\u2019\u00e9cole\u00a0\u00bb.<\/p>\n<\/div>\n<p>Auteur:<br \/>\n<a href=\"http:\/\/www.aps.dz\/culture\/99832-yennayer-2970-la-wilaya-de-tipaza-abritera-les-festivites-officielles-et-nationales\">Cliquez ici pour lire l&rsquo;article depuis sa source.<\/a><\/p>\n","protected":false},"excerpt":{"rendered":"<p>ALGER &#8211; La wilaya de Tipaza abritera cette ann\u00e9e les festivit\u00e9s officielles et nationales de Yennayer, marquant le d\u00e9but du nouvel an Amazigh 2970, a annonc\u00e9 mardi le Haut Commissariat \u00e0 l&rsquo;Amazighit\u00e9 (HCA) qui pr\u00e9voit un programme \u00ab\u00a0riche\u00a0\u00bb et \u00ab\u00a0instructif\u00a0\u00bb, alliant les aspects socio-\u00e9ducatifs et l&rsquo;aspect acad\u00e9mique. \u00ab\u00a0Cette ann\u00e9e le HCA, pour abriter les festivit\u00e9s [&hellip;]<\/p>\n","protected":false},"author":1790,"featured_media":0,"comment_status":"closed","ping_status":"closed","sticky":false,"template":"","format":"standard","meta":{"fifu_image_url":"","fifu_image_alt":"","footnotes":""},"categories":[53,79],"tags":[],"class_list":["post-72343","post","type-post","status-publish","format-standard","hentry","category-algerie","category-culture"],"_links":{"self":[{"href":"https:\/\/linitiative.ca\/International\/wp-json\/wp\/v2\/posts\/72343","targetHints":{"allow":["GET"]}}],"collection":[{"href":"https:\/\/linitiative.ca\/International\/wp-json\/wp\/v2\/posts"}],"about":[{"href":"https:\/\/linitiative.ca\/International\/wp-json\/wp\/v2\/types\/post"}],"author":[{"embeddable":true,"href":"https:\/\/linitiative.ca\/International\/wp-json\/wp\/v2\/users\/1790"}],"replies":[{"embeddable":true,"href":"https:\/\/linitiative.ca\/International\/wp-json\/wp\/v2\/comments?post=72343"}],"version-history":[{"count":0,"href":"https:\/\/linitiative.ca\/International\/wp-json\/wp\/v2\/posts\/72343\/revisions"}],"wp:attachment":[{"href":"https:\/\/linitiative.ca\/International\/wp-json\/wp\/v2\/media?parent=72343"}],"wp:term":[{"taxonomy":"category","embeddable":true,"href":"https:\/\/linitiative.ca\/International\/wp-json\/wp\/v2\/categories?post=72343"},{"taxonomy":"post_tag","embeddable":true,"href":"https:\/\/linitiative.ca\/International\/wp-json\/wp\/v2\/tags?post=72343"}],"curies":[{"name":"wp","href":"https:\/\/api.w.org\/{rel}","templated":true}]}}