{"id":72345,"date":"2020-01-07T09:30:00","date_gmt":"2020-01-07T14:30:00","guid":{"rendered":"https:\/\/linitiative.ca\/International\/abdelkrim-zeghileche-libere-de-prison\/"},"modified":"2020-01-07T09:30:00","modified_gmt":"2020-01-07T14:30:00","slug":"abdelkrim-zeghileche-libere-de-prison","status":"publish","type":"post","link":"https:\/\/linitiative.ca\/International\/abdelkrim-zeghileche-libere-de-prison\/","title":{"rendered":"Abdelkrim Zeghil\u00e8che lib\u00e9r\u00e9 de prison"},"content":{"rendered":"<div id=\"originalText\" readability=\"60\">\n<p>Apr\u00e8s plus de quinze jours de d\u00e9tention, l\u2019activiste Abdelkrim Zeghil\u00e8che a \u00e9t\u00e9 lib\u00e9r\u00e9 ce mardi, cons\u00e9cutivement au verdict rendu par le tribunal de Constantine dans l\u2019affaire l\u2019opposant au wali de Constantine, Abdessam\u00efa Sa\u00efdoune.<\/p>\n<p>Un verdict qui s\u2019est limit\u00e9 \u00e0 une condamnation \u00e0 une amende de 50.000 dinars et un d\u00e9dommagement de 40.000 dinars au profit du plaignant apr\u00e8s la lourde peine requise, lors du proc\u00e8s tenu il y\u2019a une semaine, par le repr\u00e9sentant du minist\u00e8re public, \u00e0 savoir deux ann\u00e9es de prison ferme.<\/p>\n<p>Le 23 d\u00e9cembre dernier, l\u2019ex-coordinateur du mouvement Mouwatana \u00e0 Constantine avait \u00e9t\u00e9 plac\u00e9 sous mandat de d\u00e9p\u00f4t alors qu\u2019il r\u00e9pondait \u00e0 une convocation de la Gendarmerie nationale suite \u00e0 une plainte du wali. Il avait \u00e9t\u00e9 pr\u00e9sent\u00e9 aussit\u00f4t devant le magistrat instructeur pr\u00e8s le tribunal de Constantine qui a ordonn\u00e9 sa mise en d\u00e9tention provisoire pour outrage \u00e0 un fonctionnaire durant l\u2019accomplissement de ses missions et de prise et diffusion de photos sans le consentement des concern\u00e9s.<\/p>\n<p>Abdelkrim Zeghil\u00e8che devra comparaitre demain mercredi devant le m\u00eame tribunal pour une autre affaire dont les faits remontent au 24 f\u00e9vrier dernier. L\u2019affaire est li\u00e9e \u00e0 une \u00a0tentative de rassemblement contre le 5e mandat \u00e0 l\u2019appel du mouvement Mouwatana, avort\u00e9 par les services de s\u00e9curit\u00e9 de la wilaya de Constantine, qui avaient proc\u00e9d\u00e9 \u00e0 plusieurs arrestations, dont celles d\u2019Abdelkrim Zeghil\u00e8che et d\u2019une ex-journaliste qui collaborait dans sa radio web, \u00e9galement concern\u00e9e par la m\u00eame accusation\u00a0: incitation \u00e0 un attroupement ill\u00e9gal.<\/p>\n<p class=\"c6\"><strong>Kamel Ghimouze\u00a0<\/strong><br \/>\u00a0<\/p>\n<\/div>\n<div id=\"text_core\" readability=\"60\">\n<p>Apr\u00e8s plus de quinze jours de d\u00e9tention, l\u2019activiste Abdelkrim Zeghil\u00e8che a \u00e9t\u00e9 lib\u00e9r\u00e9 ce mardi, cons\u00e9cutivement au verdict rendu par le tribunal de Constantine dans l\u2019affaire l\u2019opposant au wali de Constantine, Abdessam\u00efa Sa\u00efdoune.<\/p>\n<p>Un verdict qui s\u2019est limit\u00e9 \u00e0 une condamnation \u00e0 une amende de 50.000 dinars et un d\u00e9dommagement de 40.000 dinars au profit du plaignant apr\u00e8s la lourde peine requise, lors du proc\u00e8s tenu il y\u2019a une semaine, par le repr\u00e9sentant du minist\u00e8re public, \u00e0 savoir deux ann\u00e9es de prison ferme.<\/p>\n<p>Le 23 d\u00e9cembre dernier, l\u2019ex-coordinateur du mouvement Mouwatana \u00e0 Constantine avait \u00e9t\u00e9 plac\u00e9 sous mandat de d\u00e9p\u00f4t alors qu\u2019il r\u00e9pondait \u00e0 une convocation de la Gendarmerie nationale suite \u00e0 une plainte du wali. Il avait \u00e9t\u00e9 pr\u00e9sent\u00e9 aussit\u00f4t devant le magistrat instructeur pr\u00e8s le tribunal de Constantine qui a ordonn\u00e9 sa mise en d\u00e9tention provisoire pour outrage \u00e0 un fonctionnaire durant l\u2019accomplissement de ses missions et de prise et diffusion de photos sans le consentement des concern\u00e9s.<\/p>\n<p>Abdelkrim Zeghil\u00e8che devra comparaitre demain mercredi devant le m\u00eame tribunal pour une autre affaire dont les faits remontent au 24 f\u00e9vrier dernier. L\u2019affaire est li\u00e9e \u00e0 une \u00a0tentative de rassemblement contre le 5e mandat \u00e0 l\u2019appel du mouvement Mouwatana, avort\u00e9 par les services de s\u00e9curit\u00e9 de la wilaya de Constantine, qui avaient proc\u00e9d\u00e9 \u00e0 plusieurs arrestations, dont celles d\u2019Abdelkrim Zeghil\u00e8che et d\u2019une ex-journaliste qui collaborait dans sa radio web, \u00e9galement concern\u00e9e par la m\u00eame accusation\u00a0: incitation \u00e0 un attroupement ill\u00e9gal.<\/p>\n<p class=\"c6\"><strong>Kamel Ghimouze\u00a0<\/strong><br \/>\u00a0<\/p>\n<\/div>\n<p>Auteur:<br \/>\n<a href=\"https:\/\/www.liberte-algerie.com\/actualite\/abdelkrim-zeghileche-libere-de-prison-331536\">Cliquez ici pour lire l&rsquo;article depuis sa source.<\/a><\/p>\n","protected":false},"excerpt":{"rendered":"<p>Apr\u00e8s plus de quinze jours de d\u00e9tention, l\u2019activiste Abdelkrim Zeghil\u00e8che a \u00e9t\u00e9 lib\u00e9r\u00e9 ce mardi, cons\u00e9cutivement au verdict rendu par le tribunal de Constantine dans l\u2019affaire l\u2019opposant au wali de Constantine, Abdessam\u00efa Sa\u00efdoune. Un verdict qui s\u2019est limit\u00e9 \u00e0 une condamnation \u00e0 une amende de 50.000 dinars et un d\u00e9dommagement de 40.000 dinars au profit [&hellip;]<\/p>\n","protected":false},"author":1742,"featured_media":0,"comment_status":"closed","ping_status":"closed","sticky":false,"template":"","format":"standard","meta":{"fifu_image_url":"","fifu_image_alt":"","footnotes":""},"categories":[73,53],"tags":[],"class_list":["post-72345","post","type-post","status-publish","format-standard","hentry","category-actualite","category-algerie"],"_links":{"self":[{"href":"https:\/\/linitiative.ca\/International\/wp-json\/wp\/v2\/posts\/72345","targetHints":{"allow":["GET"]}}],"collection":[{"href":"https:\/\/linitiative.ca\/International\/wp-json\/wp\/v2\/posts"}],"about":[{"href":"https:\/\/linitiative.ca\/International\/wp-json\/wp\/v2\/types\/post"}],"author":[{"embeddable":true,"href":"https:\/\/linitiative.ca\/International\/wp-json\/wp\/v2\/users\/1742"}],"replies":[{"embeddable":true,"href":"https:\/\/linitiative.ca\/International\/wp-json\/wp\/v2\/comments?post=72345"}],"version-history":[{"count":0,"href":"https:\/\/linitiative.ca\/International\/wp-json\/wp\/v2\/posts\/72345\/revisions"}],"wp:attachment":[{"href":"https:\/\/linitiative.ca\/International\/wp-json\/wp\/v2\/media?parent=72345"}],"wp:term":[{"taxonomy":"category","embeddable":true,"href":"https:\/\/linitiative.ca\/International\/wp-json\/wp\/v2\/categories?post=72345"},{"taxonomy":"post_tag","embeddable":true,"href":"https:\/\/linitiative.ca\/International\/wp-json\/wp\/v2\/tags?post=72345"}],"curies":[{"name":"wp","href":"https:\/\/api.w.org\/{rel}","templated":true}]}}