{"id":72348,"date":"2020-01-07T10:55:00","date_gmt":"2020-01-07T15:55:00","guid":{"rendered":"https:\/\/linitiative.ca\/International\/paris-londres-berlin-et-rome-condamnent-toute-ingerence-exterieure\/"},"modified":"2020-01-07T10:55:00","modified_gmt":"2020-01-07T15:55:00","slug":"paris-londres-berlin-et-rome-condamnent-toute-ingerence-exterieure","status":"publish","type":"post","link":"https:\/\/linitiative.ca\/International\/paris-londres-berlin-et-rome-condamnent-toute-ingerence-exterieure\/","title":{"rendered":"Paris, Londres, Berlin et Rome condamnent toute \u00ab\u00a0ing\u00e9rence  ext\u00e9rieure\u00a0\u00bb"},"content":{"rendered":"<div id=\"originalText\" readability=\"45\">\n<p>Les ministres des Affaires \u00e9trang\u00e8res de\u00a0 la France, du Royaume-Uni, d&rsquo;Allemagne et d&rsquo;Italie ont condamn\u00e9 mardi toute\u00a0 \u00ab\u00a0ing\u00e9rence ext\u00e9rieure\u00a0\u00bb dans le conflit en Libye, \u00e0 l&rsquo;issue d&rsquo;une r\u00e9union\u00a0 d&rsquo;urgence \u00e0 Bruxelles, rapporte l\u2019AFP.\u00a0<\/p>\n<p>\u00ab\u00a0Une cessation imm\u00e9diate\u00a0 des hostilit\u00e9s est cruciale\u00a0\u00bb, indique un communiqu\u00e9 commun sign\u00e9 \u00e9galement par\u00a0 le chef de la diplomatie de l&rsquo;UE Josep Borrell,\u00a0 qui estime que \u00ab\u00a0l&rsquo;ing\u00e9rence ext\u00e9rieure\u00a0 persistante nourrit la crise\u00a0\u00bb, ajoute la m\u00eame source.<\/p>\n<p class=\"c6\"><strong>R\u00e9daction Web\u00a0<\/strong><\/p>\n<\/div>\n<div id=\"text_core\" readability=\"45\">\n<p>Les ministres des Affaires \u00e9trang\u00e8res de\u00a0 la France, du Royaume-Uni, d&rsquo;Allemagne et d&rsquo;Italie ont condamn\u00e9 mardi toute\u00a0 \u00ab\u00a0ing\u00e9rence ext\u00e9rieure\u00a0\u00bb dans le conflit en Libye, \u00e0 l&rsquo;issue d&rsquo;une r\u00e9union\u00a0 d&rsquo;urgence \u00e0 Bruxelles, rapporte l\u2019AFP.\u00a0<\/p>\n<p>\u00ab\u00a0Une cessation imm\u00e9diate\u00a0 des hostilit\u00e9s est cruciale\u00a0\u00bb, indique un communiqu\u00e9 commun sign\u00e9 \u00e9galement par\u00a0 le chef de la diplomatie de l&rsquo;UE Josep Borrell,\u00a0 qui estime que \u00ab\u00a0l&rsquo;ing\u00e9rence ext\u00e9rieure\u00a0 persistante nourrit la crise\u00a0\u00bb, ajoute la m\u00eame source.<\/p>\n<p class=\"c6\"><strong>R\u00e9daction Web\u00a0<\/strong><\/p>\n<\/div>\n<p>Auteur:<br \/>\n<a href=\"https:\/\/www.liberte-algerie.com\/actualite\/paris-londres-berlin-et-rome-condamnent-toute-ingerence-exterieure-331538\">Cliquez ici pour lire l&rsquo;article depuis sa source.<\/a><\/p>\n","protected":false},"excerpt":{"rendered":"<p>Les ministres des Affaires \u00e9trang\u00e8res de\u00a0 la France, du Royaume-Uni, d&rsquo;Allemagne et d&rsquo;Italie ont condamn\u00e9 mardi toute\u00a0 \u00ab\u00a0ing\u00e9rence ext\u00e9rieure\u00a0\u00bb dans le conflit en Libye, \u00e0 l&rsquo;issue d&rsquo;une r\u00e9union\u00a0 d&rsquo;urgence \u00e0 Bruxelles, rapporte l\u2019AFP.\u00a0 \u00ab\u00a0Une cessation imm\u00e9diate\u00a0 des hostilit\u00e9s est cruciale\u00a0\u00bb, indique un communiqu\u00e9 commun sign\u00e9 \u00e9galement par\u00a0 le chef de la diplomatie de l&rsquo;UE Josep [&hellip;]<\/p>\n","protected":false},"author":1742,"featured_media":0,"comment_status":"closed","ping_status":"closed","sticky":false,"template":"","format":"standard","meta":{"fifu_image_url":"","fifu_image_alt":"","footnotes":""},"categories":[73,53],"tags":[],"class_list":["post-72348","post","type-post","status-publish","format-standard","hentry","category-actualite","category-algerie"],"_links":{"self":[{"href":"https:\/\/linitiative.ca\/International\/wp-json\/wp\/v2\/posts\/72348","targetHints":{"allow":["GET"]}}],"collection":[{"href":"https:\/\/linitiative.ca\/International\/wp-json\/wp\/v2\/posts"}],"about":[{"href":"https:\/\/linitiative.ca\/International\/wp-json\/wp\/v2\/types\/post"}],"author":[{"embeddable":true,"href":"https:\/\/linitiative.ca\/International\/wp-json\/wp\/v2\/users\/1742"}],"replies":[{"embeddable":true,"href":"https:\/\/linitiative.ca\/International\/wp-json\/wp\/v2\/comments?post=72348"}],"version-history":[{"count":0,"href":"https:\/\/linitiative.ca\/International\/wp-json\/wp\/v2\/posts\/72348\/revisions"}],"wp:attachment":[{"href":"https:\/\/linitiative.ca\/International\/wp-json\/wp\/v2\/media?parent=72348"}],"wp:term":[{"taxonomy":"category","embeddable":true,"href":"https:\/\/linitiative.ca\/International\/wp-json\/wp\/v2\/categories?post=72348"},{"taxonomy":"post_tag","embeddable":true,"href":"https:\/\/linitiative.ca\/International\/wp-json\/wp\/v2\/tags?post=72348"}],"curies":[{"name":"wp","href":"https:\/\/api.w.org\/{rel}","templated":true}]}}