{"id":72350,"date":"2020-01-07T10:54:59","date_gmt":"2020-01-07T15:54:59","guid":{"rendered":"https:\/\/linitiative.ca\/International\/enseignement-denormes-efforts-consentis-par-le-maroc\/"},"modified":"2020-01-07T10:54:59","modified_gmt":"2020-01-07T15:54:59","slug":"enseignement-denormes-efforts-consentis-par-le-maroc","status":"publish","type":"post","link":"https:\/\/linitiative.ca\/International\/enseignement-denormes-efforts-consentis-par-le-maroc\/","title":{"rendered":"Enseignement: D\u2019\u00e9normes efforts consentis par le Maroc"},"content":{"rendered":"<div readability=\"37\">\n<p>Marrakech \u2013 Le Maroc a consenti d\u2019\u00e9normes efforts pour am\u00e9liorer la qualit\u00e9 et l\u2019efficacit\u00e9 de son syst\u00e8me d\u2019enseignement sup\u00e9rieur, a affirm\u00e9 mardi \u00e0 Marrakech, le charg\u00e9 d\u2019affaires pr\u00e8s l\u2019ambassade des Etats-Unis d\u2019Am\u00e9rique \u00e0 Rabat, David Greene.<\/p>\n<\/div>\n<div readability=\"86\">\n<p>S\u2019exprimant \u00e0 l\u2019ouverture de la conf\u00e9rence maroco-am\u00e9ricaine, organis\u00e9e sous le th\u00e8me \u00ab\u00a0R\u00e9forme p\u00e9dagogique nationale de l\u2019enseignement sup\u00e9rieur: Pr\u00e9paration de la mise en \u0153uvre du Bachelor\u00a0\u00bb,\u00a0M. Greene\u00a0a relev\u00e9 que le Royaume a d\u00e9ploy\u00e9 d\u2019\u00e9normes efforts dans le domaine de l\u2019enseignement, notamment en mati\u00e8re de renforcement de l\u2019ad\u00e9quation entre la formation et le march\u00e9 de l\u2019emploi.<\/p>\n<p>Dans ce cadre, le diplomate am\u00e9ricain a mis en avant l\u2019engagement et la d\u00e9termination des institutions marocaines concern\u00e9es par cette question pour promouvoir l\u2019efficacit\u00e9 du syst\u00e8me d\u2019enseignement sup\u00e9rieur marocain, notant que les Etats-Unis sont dispos\u00e9s \u00e0 accompagner la r\u00e9forme du syst\u00e8me d\u2019enseignement au Maroc.<\/p>\n<p>Dans ce sens, M. Greene a indiqu\u00e9 que son pays a contribu\u00e9 avec plus de 250 millions de dollars pour l\u2019appui du secteur de l\u2019enseignement au Maroc (primaire, secondaire et sup\u00e9rieur).<\/p>\n<p>Cette coop\u00e9ration remarquable et fructueuse refl\u00e8te notre vision commune, a-t-il relev\u00e9, ajoutant\u00a0qu\u2019\u00e0 la t\u00eate des priorit\u00e9s de cette coop\u00e9ration maroco-am\u00e9ricaine\u00a0 figurent le renforcement de l\u2019apprentissage de l\u2019anglais, le d\u00e9veloppement des plateformes MOOC, l\u2019acquisition de soft skills et l\u2019instauration de passerelles entre le secondaire et le sup\u00e9rieur et le march\u00e9 du travail.<\/p>\n<p>Initi\u00e9e par le minist\u00e8re de l\u2019\u00e9ducation nationale, de la formation professionnelle, de l\u2019enseignement sup\u00e9rieur et de la recherche scientifique en collaboration avec l\u2019ambassade des Etats-Unis au Maroc et la Commission maroco-am\u00e9ricaine pour les \u00e9changes \u00e9ducatifs et culturels, cette rencontre de deux jours vise \u00e0 favoriser l\u2019\u00e9change et le partage autour des moyens susceptibles de pr\u00e9parer la mise en application du syst\u00e8me du Bachelor et pr\u00e9senter les m\u00e9canismes de coop\u00e9ration liant le Maroc et les Etats-Unis, de nature \u00e0 contribuer \u00e0 relever les d\u00e9fis relatifs \u00e0 ce chantier.<\/p>\n<p>Cette rencontre offre aussi l\u2019opportunit\u00e9 pour explorer les moyens et les perspectives de coop\u00e9ration entre les deux pays dans le domaine de l\u2019enseignement sup\u00e9rieur.<\/p>\n<p>Au programme de ce colloque figurent des sessions traitant des th\u00e9matiques se rapportant \u00e0 \u00ab\u00a0la transition vers le syst\u00e8me Bachelor : Les opportunit\u00e9s et les d\u00e9fis\u00a0\u00bb, \u00ab\u00a0le syst\u00e8me d\u2019enseignement sup\u00e9rieur aux Etats-Unis d\u2019Am\u00e9rique\u00a0\u00bb, \u00ab\u00a0la langue anglaise comme langue d\u2019enseignement\u00a0\u00bb, \u00ab\u00a0l\u2019\u00e9laboration des programmes de formation et syst\u00e8me de cr\u00e9dits\u00a0\u00bb, \u00ab\u00a0l\u2019\u00e9ducation \u00e0 l\u2019\u00e8re du num\u00e9rique\u00a0\u00bb et \u00ab\u00a0pr\u00e9paration des \u00e9tudiants au march\u00e9 de l\u2019emploi\u00a0\u00bb.<\/p>\n<p>Cette rencontre conna\u00eet la participation des pr\u00e9sidents d\u2019universit\u00e9s publiques et priv\u00e9es, des repr\u00e9sentants des minist\u00e8res de l\u2019\u00e9ducation nationale et de l\u2019\u00e9conomie et des finances et de la r\u00e9forme de l\u2019administration et des responsables d\u2019universit\u00e9s et d\u2019\u00e9tablissements d\u2019enseignement sup\u00e9rieur marocains et am\u00e9ricains.<\/p>\n<\/div>\n<p>Auteur: Meriem IGASS<br \/>\n<a href=\"http:\/\/www.mapmarrakech.ma\/fr\/systeme\/\">Cliquez ici pour lire l&rsquo;article depuis sa source.<\/a><\/p>\n","protected":false},"excerpt":{"rendered":"<p>Marrakech \u2013 Le Maroc a consenti d\u2019\u00e9normes efforts pour am\u00e9liorer la qualit\u00e9 et l\u2019efficacit\u00e9 de son syst\u00e8me d\u2019enseignement sup\u00e9rieur, a affirm\u00e9 mardi \u00e0 Marrakech, le charg\u00e9 d\u2019affaires pr\u00e8s l\u2019ambassade des Etats-Unis d\u2019Am\u00e9rique \u00e0 Rabat, David Greene. S\u2019exprimant \u00e0 l\u2019ouverture de la conf\u00e9rence maroco-am\u00e9ricaine, organis\u00e9e sous le th\u00e8me \u00ab\u00a0R\u00e9forme p\u00e9dagogique nationale de l\u2019enseignement sup\u00e9rieur: Pr\u00e9paration de [&hellip;]<\/p>\n","protected":false},"author":1788,"featured_media":0,"comment_status":"closed","ping_status":"closed","sticky":false,"template":"","format":"standard","meta":{"fifu_image_url":"","fifu_image_alt":"","footnotes":""},"categories":[54,76],"tags":[],"class_list":["post-72350","post","type-post","status-publish","format-standard","hentry","category-maroc","category-regions"],"_links":{"self":[{"href":"https:\/\/linitiative.ca\/International\/wp-json\/wp\/v2\/posts\/72350","targetHints":{"allow":["GET"]}}],"collection":[{"href":"https:\/\/linitiative.ca\/International\/wp-json\/wp\/v2\/posts"}],"about":[{"href":"https:\/\/linitiative.ca\/International\/wp-json\/wp\/v2\/types\/post"}],"author":[{"embeddable":true,"href":"https:\/\/linitiative.ca\/International\/wp-json\/wp\/v2\/users\/1788"}],"replies":[{"embeddable":true,"href":"https:\/\/linitiative.ca\/International\/wp-json\/wp\/v2\/comments?post=72350"}],"version-history":[{"count":0,"href":"https:\/\/linitiative.ca\/International\/wp-json\/wp\/v2\/posts\/72350\/revisions"}],"wp:attachment":[{"href":"https:\/\/linitiative.ca\/International\/wp-json\/wp\/v2\/media?parent=72350"}],"wp:term":[{"taxonomy":"category","embeddable":true,"href":"https:\/\/linitiative.ca\/International\/wp-json\/wp\/v2\/categories?post=72350"},{"taxonomy":"post_tag","embeddable":true,"href":"https:\/\/linitiative.ca\/International\/wp-json\/wp\/v2\/tags?post=72350"}],"curies":[{"name":"wp","href":"https:\/\/api.w.org\/{rel}","templated":true}]}}