{"id":72352,"date":"2020-01-07T12:45:59","date_gmt":"2020-01-07T17:45:59","guid":{"rendered":"https:\/\/linitiative.ca\/International\/m-amara-sinforme-de-plusieurs-chantiers-routiers\/"},"modified":"2020-01-07T12:45:59","modified_gmt":"2020-01-07T17:45:59","slug":"m-amara-sinforme-de-plusieurs-chantiers-routiers","status":"publish","type":"post","link":"https:\/\/linitiative.ca\/International\/m-amara-sinforme-de-plusieurs-chantiers-routiers\/","title":{"rendered":"M. Amara s\u2019informe de plusieurs chantiers routiers"},"content":{"rendered":"<div readability=\"39\">\n<p>Chichaoua \u2013 Le ministre de l\u2019Equipement, du Transport, de la Logistique et de l\u2019eau, Abdelkader Amara a effectu\u00e9, mardi \u00e0 la Province de Chichaoua, une visite \u00e0 plusieurs chantiers routiers inscrits dans le cadre du programme du minist\u00e8re relatif \u00e0 l\u2019entretien routier.<\/p>\n<\/div>\n<div readability=\"92\">\n<p>Accompagn\u00e9 du gouverneur de la province de Chichaoua, Bouabid El Guerrab, M. Amara s\u2019est rendu au niveau de la commune Mejjat, au chantier d\u2019\u00e9largissement et de renforcement de la route r\u00e9gionale n\u00b0 209 reliant Mejjat et Assif El Mal, qui s\u2019\u00e9tend sur une longueur de 16,3 KM.<\/p>\n<p>Dans ce cadre, le ministre s\u2019est inform\u00e9 de l\u2019\u00e9tat d\u2019avancement de ce projet qui a atteint 15% depuis le lancement, en septembre dernier, des travaux d\u2019\u00e9largissement et de renforcement de cet axe routier, gr\u00e2ce \u00e0 une enveloppe budg\u00e9taire de l\u2019ordre de 15,128 MDH.<\/p>\n<p>Au niveau de la commune Saidate, M. Amara a pris connaissance de l\u2019\u00e9tat d\u2019avancement du projet d\u2019\u00e9largissement et de renforcement de la route N11 s\u2019\u00e9tendant sur 17 KM, dont le co\u00fbt global s\u2019\u00e9l\u00e8ve \u00e0 28,217 MDH.<\/p>\n<p>A cette occasion, le ministre a mis en avant l\u2019importance de ces chantiers routiers qui permettront de r\u00e9soudre deux probl\u00e9matiques majeures \u00e0 savoir : la vuln\u00e9rabilit\u00e9 de certaines communes et le manque des moyens de transport dans les zones enclav\u00e9es et \u00e9loign\u00e9es.<\/p>\n<p>Dans une d\u00e9claration \u00e0 la presse, il a soulign\u00e9 que le taux de r\u00e9alisation des programmes relatifs aux projets routiers dans la province de Chichaoua conna\u00eet un d\u00e9veloppement remarquable, gr\u00e2ce aux subventions financi\u00e8res octroy\u00e9es pour le d\u00e9veloppement et le renforcement du r\u00e9seau routier de la province.<\/p>\n<p>Par ailleurs, des explications ont \u00e9t\u00e9 fournies \u00e0 M. Amara sur les op\u00e9rations relatives \u00e0 l\u2019entretien des routes class\u00e9es, celles achev\u00e9es ou en cours de r\u00e9alisation entre 2018 et 2019 au niveau de la province de Chichaoua, dont le budget est estim\u00e9 \u00e0 77,768 MDH.<\/p>\n<p>Il a, \u00e9galement, pris connaissance des projets routiers inscrits dans le cadre du programme de r\u00e9duction des disparit\u00e9s spatiales et sociales en milieu rural 2018\/2020, notamment les travaux de construction de la route provinciale n\u00b0 2026 qui s\u2019\u00e9tant sur 10,07 KM avec un budget de 13 MDH et la route provinciale n\u00b02003 d\u2019une longueur de 8,5 KM, avec un co\u00fbt de 11 MDH.<\/p>\n<p>Ces projets routiers permettront d\u2019am\u00e9liorer les conditions de circulation et de s\u00e9curit\u00e9 routi\u00e8re, de pr\u00e9server les acquis en mati\u00e8re d\u2019infrastructure routi\u00e8re et de moderniser le r\u00e9seau routier structurant, outre la contribution au d\u00e9veloppement socio-\u00e9conomique de la province.<\/p>\n<\/div>\n<p>Auteur: Meriem IGASS<br \/>\n<a href=\"http:\/\/www.mapmarrakech.ma\/fr\/chantiers\/\">Cliquez ici pour lire l&rsquo;article depuis sa source.<\/a><\/p>\n","protected":false},"excerpt":{"rendered":"<p>Chichaoua \u2013 Le ministre de l\u2019Equipement, du Transport, de la Logistique et de l\u2019eau, Abdelkader Amara a effectu\u00e9, mardi \u00e0 la Province de Chichaoua, une visite \u00e0 plusieurs chantiers routiers inscrits dans le cadre du programme du minist\u00e8re relatif \u00e0 l\u2019entretien routier. Accompagn\u00e9 du gouverneur de la province de Chichaoua, Bouabid El Guerrab, M. Amara [&hellip;]<\/p>\n","protected":false},"author":1788,"featured_media":0,"comment_status":"closed","ping_status":"closed","sticky":false,"template":"","format":"standard","meta":{"fifu_image_url":"","fifu_image_alt":"","footnotes":""},"categories":[54,76],"tags":[],"class_list":["post-72352","post","type-post","status-publish","format-standard","hentry","category-maroc","category-regions"],"_links":{"self":[{"href":"https:\/\/linitiative.ca\/International\/wp-json\/wp\/v2\/posts\/72352","targetHints":{"allow":["GET"]}}],"collection":[{"href":"https:\/\/linitiative.ca\/International\/wp-json\/wp\/v2\/posts"}],"about":[{"href":"https:\/\/linitiative.ca\/International\/wp-json\/wp\/v2\/types\/post"}],"author":[{"embeddable":true,"href":"https:\/\/linitiative.ca\/International\/wp-json\/wp\/v2\/users\/1788"}],"replies":[{"embeddable":true,"href":"https:\/\/linitiative.ca\/International\/wp-json\/wp\/v2\/comments?post=72352"}],"version-history":[{"count":0,"href":"https:\/\/linitiative.ca\/International\/wp-json\/wp\/v2\/posts\/72352\/revisions"}],"wp:attachment":[{"href":"https:\/\/linitiative.ca\/International\/wp-json\/wp\/v2\/media?parent=72352"}],"wp:term":[{"taxonomy":"category","embeddable":true,"href":"https:\/\/linitiative.ca\/International\/wp-json\/wp\/v2\/categories?post=72352"},{"taxonomy":"post_tag","embeddable":true,"href":"https:\/\/linitiative.ca\/International\/wp-json\/wp\/v2\/tags?post=72352"}],"curies":[{"name":"wp","href":"https:\/\/api.w.org\/{rel}","templated":true}]}}