{"id":72358,"date":"2020-01-07T10:25:43","date_gmt":"2020-01-07T15:25:43","guid":{"rendered":"https:\/\/linitiative.ca\/International\/onze-wilayas-attendues-au-seminaire-national-sur-le-developpement-de-la-filiere-caprine\/"},"modified":"2020-01-07T10:25:43","modified_gmt":"2020-01-07T15:25:43","slug":"onze-wilayas-attendues-au-seminaire-national-sur-le-developpement-de-la-filiere-caprine","status":"publish","type":"post","link":"https:\/\/linitiative.ca\/International\/onze-wilayas-attendues-au-seminaire-national-sur-le-developpement-de-la-filiere-caprine\/","title":{"rendered":"Onze wilayas attendues au s\u00e9minaire national sur le d\u00e9veloppement de la fili\u00e8re caprine"},"content":{"rendered":"<div readability=\"37\">\n<p><strong>TIZI OUZOU &#8211; Un total de 11 wilayas ont conform\u00e9 leur participation au \u00a0\u00bbs\u00e9minaire national sur le d\u00e9veloppement de la fili\u00e8re caprine en Alg\u00e9rie\u00a0\u00bb, qui se tiendra ce mercredi \u00e0 l&rsquo;Institut de technologie moyen agricole sp\u00e9cialis\u00e9 (ITMAS) de Boukhalfa \u00e0 Tizi-Ouzou, a-t-on appris mardi de la direction locale des services agricoles (DSA) qui organise cette rencontre<\/strong>.<\/p>\n<\/div>\n<div readability=\"89\">\n<p>Selon la charg\u00e9e des petits \u00e9levages \u00e0 la direction des services agricoles, l\u2019ing\u00e9nieur d\u2019Etat Zembri Fatma, des institutions publiques, des instituts agricoles, des universit\u00e9s et des professionnels de la fili\u00e8re caprine, ont confirm\u00e9 leur participation \u00e0 ce s\u00e9minaire qui comporte un volet p\u00e9dagogique et une exposition.<\/p>\n<p>L\u2019exposition sera anim\u00e9e par les \u00e9leveurs et transformateurs des wilayas de Tizi-Ouzou, Bejaia, Djelfa, Gharda\u00efa, Constantine et Oum El Bouaghi.<\/p>\n<p>Cette derni\u00e8re wilaya sera repr\u00e9sent\u00e9e par l\u2019association \u00a0\u00bbImsenda\u00a0\u00bb, qui exposera son fameux fromage traditionnel Bouhezza \u00e0 base de lait de ch\u00e8vre qui a \u00e9t\u00e9 labellis\u00e9 en d\u00e9cembre dernier.<\/p>\n<blockquote readability=\"9\">\n<p><em><strong>L\u2019ouverture de cette journ\u00e9e sera marqu\u00e9e par l\u2019installation du Conseil interprofessionnel de la fili\u00e8re caprine par un repr\u00e9sentant du minist\u00e8re de l\u2019Agriculture et du D\u00e9veloppement rural. Ce m\u00eame responsable donnera le coup d\u2019envoi de cette manifestation, selon le programme de cette rencontre communiqu\u00e9 par la DSA.<\/strong><\/em><\/p>\n<\/blockquote>\n<p>Une dizaine de communications sont au menu de ce s\u00e9minaire plac\u00e9 sous le haut patronage du ministre de l\u2019Agriculture et du D\u00e9veloppement rural et sous l\u2019\u00e9gide du wali. Il est programm\u00e9 entre autre, une conf\u00e9rence sur \u00ab\u00a0la situation de l\u2019\u00e9levage caprin en Alg\u00e9rie, perspectives et d\u00e9veloppement\u00a0\u00bb, \u00ab\u00a0les performances technico-\u00e9conomiques de l\u2019\u00e9levage caprin\u00a0\u00bb, \u00ab\u00a0valorisation du lait de ch\u00e8vre\u00a0\u00bb et \u00ab\u00a0les principales pathologies du caprin\u00a0\u00bb.<\/p>\n<p>Le directeur local des services agricoles, Laib Makhlouf a rappel\u00e9 que \u00ab\u00a0l\u2019objectif de ce s\u00e9minaire est de d\u00e9finir les opportunit\u00e9s de d\u00e9veloppement de l\u2019\u00e9levage caprin au niveau national et dans la wilaya de Tizi-Ouzou notamment, qui est une zone de montagne disposant de fourrages d\u2019appoints et qui se pr\u00eate \u00e0 cette activit\u00e9\u00a0\u00bb.<\/p>\n<p>Ce m\u00eame responsable a observ\u00e9 qu\u2019il \u00ab\u00a0existe une tradition d\u2019\u00e9levage caprin et la DSA ambitionne de le fructifier et de le rentabiliser, en modernisant ces \u00e9levages qui n\u2019exigent pas de gros investissements\u00a0\u00bb, a-t-il dit.<\/p>\n<p>La wilaya de Tizi-Ouzou compte un cheptel caprin estim\u00e9 \u00e0 40 624 t\u00eates, dont 20 000 ch\u00e8vres. Le plus gros de ce cheptel est concentr\u00e9 dans la zone est de la wilaya notamment \u00e0 Yakourene, Aghribs, Idjeur et Bouzgu\u00e8ne.<\/p>\n<p>La production de lait de ch\u00e8vres est de 7 millions de litres dont seulement 173 186 litres sont collect\u00e9s. Quant \u00e0 la production de viandes elle est de plus de 3000 qx, a-t-on appris aupr\u00e8s de Mme Zembri.<\/p>\n<\/div>\n<p>Auteur:<br \/>\n<a href=\"http:\/\/www.aps.dz\/regions\/99839-onze-wilayas-attendues-au-seminaire-national-sur-le-developpement-de-la-filiere-caprine\">Cliquez ici pour lire l&rsquo;article depuis sa source.<\/a><\/p>\n","protected":false},"excerpt":{"rendered":"<p>TIZI OUZOU &#8211; Un total de 11 wilayas ont conform\u00e9 leur participation au \u00a0\u00bbs\u00e9minaire national sur le d\u00e9veloppement de la fili\u00e8re caprine en Alg\u00e9rie\u00a0\u00bb, qui se tiendra ce mercredi \u00e0 l&rsquo;Institut de technologie moyen agricole sp\u00e9cialis\u00e9 (ITMAS) de Boukhalfa \u00e0 Tizi-Ouzou, a-t-on appris mardi de la direction locale des services agricoles (DSA) qui organise cette [&hellip;]<\/p>\n","protected":false},"author":1790,"featured_media":0,"comment_status":"closed","ping_status":"closed","sticky":false,"template":"","format":"standard","meta":{"fifu_image_url":"","fifu_image_alt":"","footnotes":""},"categories":[53,76],"tags":[],"class_list":["post-72358","post","type-post","status-publish","format-standard","hentry","category-algerie","category-regions"],"_links":{"self":[{"href":"https:\/\/linitiative.ca\/International\/wp-json\/wp\/v2\/posts\/72358","targetHints":{"allow":["GET"]}}],"collection":[{"href":"https:\/\/linitiative.ca\/International\/wp-json\/wp\/v2\/posts"}],"about":[{"href":"https:\/\/linitiative.ca\/International\/wp-json\/wp\/v2\/types\/post"}],"author":[{"embeddable":true,"href":"https:\/\/linitiative.ca\/International\/wp-json\/wp\/v2\/users\/1790"}],"replies":[{"embeddable":true,"href":"https:\/\/linitiative.ca\/International\/wp-json\/wp\/v2\/comments?post=72358"}],"version-history":[{"count":0,"href":"https:\/\/linitiative.ca\/International\/wp-json\/wp\/v2\/posts\/72358\/revisions"}],"wp:attachment":[{"href":"https:\/\/linitiative.ca\/International\/wp-json\/wp\/v2\/media?parent=72358"}],"wp:term":[{"taxonomy":"category","embeddable":true,"href":"https:\/\/linitiative.ca\/International\/wp-json\/wp\/v2\/categories?post=72358"},{"taxonomy":"post_tag","embeddable":true,"href":"https:\/\/linitiative.ca\/International\/wp-json\/wp\/v2\/tags?post=72358"}],"curies":[{"name":"wp","href":"https:\/\/api.w.org\/{rel}","templated":true}]}}