{"id":72361,"date":"2020-01-07T13:46:51","date_gmt":"2020-01-07T18:46:51","guid":{"rendered":"https:\/\/linitiative.ca\/International\/session-extraordinaire-du-conseil-de-la-region-de-loriental\/"},"modified":"2020-01-07T13:46:51","modified_gmt":"2020-01-07T18:46:51","slug":"session-extraordinaire-du-conseil-de-la-region-de-loriental","status":"publish","type":"post","link":"https:\/\/linitiative.ca\/International\/session-extraordinaire-du-conseil-de-la-region-de-loriental\/","title":{"rendered":"Session extraordinaire du Conseil de la r\u00e9gion de l\u2019Oriental"},"content":{"rendered":"<p class=\"c4\">L\u2019ordre du jour de la session extraordinaire du Conseil de la r\u00e9gion de l\u2019Oriental, pr\u00e9vue le 9 janvier courant, pr\u00e9voit l\u2019examen et l\u2019adoption de plusieurs conventions de partenariat pour la r\u00e9alisation de projets industriels au niveau de la r\u00e9gion.<\/p>\n<p class=\"c4\">Parmi les projets industriels en attente d\u2019approbation, figure la cr\u00e9ation d\u2019une unit\u00e9 industrielle int\u00e9gr\u00e9e sp\u00e9cialis\u00e9e dans le traitement du poisson qui doit \u00eatre r\u00e9alis\u00e9e sur le territoire de la commune de Jerada, indique une note du conseil de la r\u00e9gion.<\/p>\n<p class=\"c4\">D\u2019autres projets de conventions sont \u00e9galement \u00e0 l\u2019ordre du jour pour la r\u00e9alisation de plusieurs unit\u00e9s industrielles au niveau de la r\u00e9gion, sp\u00e9cialis\u00e9es dans divers domaines comme le tissage des tapis, la fabrication de produits d\u2019hygi\u00e8ne, l\u2019emballage de produits alimentaires et la fabrication de peintures d\u2019int\u00e9rieur et pour l\u2019industrie.<\/p>\n<p class=\"c4\">Les membres du Conseil s\u2019att\u00e8leront aussi sur l\u2019examen et l\u2019adoption de projets d\u2019amendement de six conventions de partenariat portant sur des projets d\u2019investissements d\u00e9j\u00e0 approuv\u00e9s par le Conseil.<\/p>\n<p class=\"c4\">Par ailleurs, la session extraordinaire proc\u00e9dera \u00e0 l\u2019examen pour adoption d\u2019un projet de convention de partenariat pour la cr\u00e9ation d\u2019un centre d\u2019accueil et de prise en charge des enfants en situation difficile \u00e0 Oujda, ainsi que d\u2019un autre projet de convention de partenariat visant le renforcement du r\u00e9seau de contr\u00f4le de la qualit\u00e9 de l\u2019air dans la r\u00e9gion de l\u2019Oriental.<\/p>\n<p class=\"c4\">Figure \u00e0 l\u2019ordre du jour aussi l\u2019examen du projet d\u2019une convention de partenariat entre le Conseil de la r\u00e9gion et l\u2019Acad\u00e9mie d\u2019\u00e9ducation et de formation (AREF) de l\u2019Oriental, avec pour objectif l\u2019\u00e9largissement de l\u2019offre \u00e9ducative dans la r\u00e9gion.<\/p>\n<p class=\"c4\">Au programme \u00e9galement l\u2019examen et l\u2019adoption de projets d\u2019annexes amendant des conventions de partenariat portant sur diff\u00e9rents domaines culturels, \u00e9conomiques, sociaux et de coop\u00e9ration.<\/p>\n<p>Auteur: Soufiane ELAHMAR<br \/>\n<a href=\"http:\/\/www.mapoujda.ma\/fr\/session-extraordinaire-du-conseil-de-la-region-de-loriental-janvier\/\">Cliquez ici pour lire l&rsquo;article depuis sa source.<\/a><\/p>\n","protected":false},"excerpt":{"rendered":"<p>L\u2019ordre du jour de la session extraordinaire du Conseil de la r\u00e9gion de l\u2019Oriental, pr\u00e9vue le 9 janvier courant, pr\u00e9voit l\u2019examen et l\u2019adoption de plusieurs conventions de partenariat pour la r\u00e9alisation de projets industriels au niveau de la r\u00e9gion. Parmi les projets industriels en attente d\u2019approbation, figure la cr\u00e9ation d\u2019une unit\u00e9 industrielle int\u00e9gr\u00e9e sp\u00e9cialis\u00e9e dans [&hellip;]<\/p>\n","protected":false},"author":1788,"featured_media":0,"comment_status":"closed","ping_status":"closed","sticky":false,"template":"","format":"standard","meta":{"fifu_image_url":"","fifu_image_alt":"","footnotes":""},"categories":[54,76],"tags":[],"class_list":["post-72361","post","type-post","status-publish","format-standard","hentry","category-maroc","category-regions"],"_links":{"self":[{"href":"https:\/\/linitiative.ca\/International\/wp-json\/wp\/v2\/posts\/72361","targetHints":{"allow":["GET"]}}],"collection":[{"href":"https:\/\/linitiative.ca\/International\/wp-json\/wp\/v2\/posts"}],"about":[{"href":"https:\/\/linitiative.ca\/International\/wp-json\/wp\/v2\/types\/post"}],"author":[{"embeddable":true,"href":"https:\/\/linitiative.ca\/International\/wp-json\/wp\/v2\/users\/1788"}],"replies":[{"embeddable":true,"href":"https:\/\/linitiative.ca\/International\/wp-json\/wp\/v2\/comments?post=72361"}],"version-history":[{"count":0,"href":"https:\/\/linitiative.ca\/International\/wp-json\/wp\/v2\/posts\/72361\/revisions"}],"wp:attachment":[{"href":"https:\/\/linitiative.ca\/International\/wp-json\/wp\/v2\/media?parent=72361"}],"wp:term":[{"taxonomy":"category","embeddable":true,"href":"https:\/\/linitiative.ca\/International\/wp-json\/wp\/v2\/categories?post=72361"},{"taxonomy":"post_tag","embeddable":true,"href":"https:\/\/linitiative.ca\/International\/wp-json\/wp\/v2\/tags?post=72361"}],"curies":[{"name":"wp","href":"https:\/\/api.w.org\/{rel}","templated":true}]}}