{"id":72372,"date":"2020-01-07T15:19:05","date_gmt":"2020-01-07T20:19:05","guid":{"rendered":"https:\/\/linitiative.ca\/International\/le-president-de-la-republique-recoit-le-ministre-turc-des-affaires-etrangeres-eviter-toute-action-a-meme-daggraver-davantage-le-climat-en-libye\/"},"modified":"2020-01-07T15:19:05","modified_gmt":"2020-01-07T20:19:05","slug":"le-president-de-la-republique-recoit-le-ministre-turc-des-affaires-etrangeres-eviter-toute-action-a-meme-daggraver-davantage-le-climat-en-libye","status":"publish","type":"post","link":"https:\/\/linitiative.ca\/International\/le-president-de-la-republique-recoit-le-ministre-turc-des-affaires-etrangeres-eviter-toute-action-a-meme-daggraver-davantage-le-climat-en-libye\/","title":{"rendered":"Le Pr\u00e9sident de la R\u00e9publique re\u00e7oit le ministre turc des Affaires \u00e9trang\u00e8res : \u00e9viter toute action \u00e0 m\u00eame d&rsquo;aggraver davantage le climat en Libye"},"content":{"rendered":"<p>Le pr\u00e9sident de la R\u00e9publique, M. Abdelmadjid Tebboune, a re\u00e7u, hier \u00e0 Alger, le ministre turc des Affaires \u00e9trang\u00e8res, Mevlut Cavusoglu, a indiqu\u00e9 un communiqu\u00e9 de la Pr\u00e9sidence de la R\u00e9publique. \u00abAu d\u00e9but de l&rsquo;audience, le ministre turc a transmis les f\u00e9licitations du pr\u00e9sident Recep Tayyip Erdogan au pr\u00e9sident Abdelmadjid Tebboune pour son \u00e9lection et ses condol\u00e9ances suite au d\u00e9c\u00e8s du g\u00e9n\u00e9ral de corps d&rsquo;Arm\u00e9e, le d\u00e9funt Ahmed Ga\u00efd-Salah\u00bb, a pr\u00e9cis\u00e9 le communiqu\u00e9.<br \/>L&rsquo;entretien a port\u00e9 sur le niveau des relations bilat\u00e9rales, leur redynamisation sur de bonnes bases et l&rsquo;\u00e9largissement de leurs perspectives \u00e0 une coop\u00e9ration plus profonde dans le domaine \u00e9conomique, l&rsquo;\u00e9change des exp\u00e9riences et le transfert des technologies, a ajout\u00e9 la m\u00eame source. \u00abIl a \u00e9t\u00e9 question \u00e9galement de la situation en Libye \u00e0 la lumi\u00e8re de l&rsquo;escalade des actes de violence induits par les ing\u00e9rences \u00e9trang\u00e8res, qui entravent la recherche d&rsquo;une solution politique, seul moyen de r\u00e9tablir la s\u00e9curit\u00e9, la paix et la stabilit\u00e9 \u00e0 travers tout le territoire de la Libye\u00bb, a ajout\u00e9 le communiqu\u00e9.<br \/>Apr\u00e8s une analyse approfondie de tous les aspects de la situation, y compris les interventions militaires \u00e9trang\u00e8res en territoire libyen, les deux parties ont convenu de l&rsquo;imp\u00e9ratif d&rsquo;\u00e9viter toute action concr\u00e8te \u00e0 m\u00eame d&rsquo;aggraver davantage le climat et de ne m\u00e9nager aucun effort pour un cessez-le-feu, pr\u00e9cise le communiqu\u00e9. Les deux parties ont exprim\u00e9, \u00e9galement, le v\u0153u que la conf\u00e9rence internationale pr\u00e9vue sur la Libye soit le d\u00e9but d&rsquo;un r\u00e8glement politique global, garantissant l&rsquo;unit\u00e9 de la Libye, peuple et territoire, et pr\u00e9servant sa souverainet\u00e9 nationale.<br \/>A la fin de l&rsquo;entretien, les deux parties ont affirm\u00e9 \u00ableur volont\u00e9 de redynamiser les m\u00e9canismes de coop\u00e9ration existants et de mettre en place de nouveaux m\u00e9canismes favorisant une concertation strat\u00e9gique de haut niveau\u00bb.<br \/>Le pr\u00e9sident de la R\u00e9publique a adress\u00e9 \u00abau pr\u00e9sident de la R\u00e9publique turque, Recep Tayyip Erdogan, une invitation \u00e0 visiter l&rsquo;Alg\u00e9rie, laquelle a \u00e9t\u00e9 accept\u00e9e, et dont la date devant \u00eatre fix\u00e9e dans les prochains jours, conclut le communiqu\u00e9.<br \/>\u00a0<\/p>\n<p>Auteur: elmoudjahid<br \/>\n<a href=\"http:\/\/www.elmoudjahid.com\/fr\/actualites\/146802\">Cliquez ici pour lire l&rsquo;article depuis sa source.<\/a><\/p>\n","protected":false},"excerpt":{"rendered":"<p>Le pr\u00e9sident de la R\u00e9publique, M. Abdelmadjid Tebboune, a re\u00e7u, hier \u00e0 Alger, le ministre turc des Affaires \u00e9trang\u00e8res, Mevlut Cavusoglu, a indiqu\u00e9 un communiqu\u00e9 de la Pr\u00e9sidence de la R\u00e9publique. \u00abAu d\u00e9but de l&rsquo;audience, le ministre turc a transmis les f\u00e9licitations du pr\u00e9sident Recep Tayyip Erdogan au pr\u00e9sident Abdelmadjid Tebboune pour son \u00e9lection et [&hellip;]<\/p>\n","protected":false},"author":1744,"featured_media":0,"comment_status":"closed","ping_status":"closed","sticky":false,"template":"","format":"standard","meta":{"fifu_image_url":"","fifu_image_alt":"","footnotes":""},"categories":[73,53],"tags":[],"class_list":["post-72372","post","type-post","status-publish","format-standard","hentry","category-actualite","category-algerie"],"_links":{"self":[{"href":"https:\/\/linitiative.ca\/International\/wp-json\/wp\/v2\/posts\/72372","targetHints":{"allow":["GET"]}}],"collection":[{"href":"https:\/\/linitiative.ca\/International\/wp-json\/wp\/v2\/posts"}],"about":[{"href":"https:\/\/linitiative.ca\/International\/wp-json\/wp\/v2\/types\/post"}],"author":[{"embeddable":true,"href":"https:\/\/linitiative.ca\/International\/wp-json\/wp\/v2\/users\/1744"}],"replies":[{"embeddable":true,"href":"https:\/\/linitiative.ca\/International\/wp-json\/wp\/v2\/comments?post=72372"}],"version-history":[{"count":0,"href":"https:\/\/linitiative.ca\/International\/wp-json\/wp\/v2\/posts\/72372\/revisions"}],"wp:attachment":[{"href":"https:\/\/linitiative.ca\/International\/wp-json\/wp\/v2\/media?parent=72372"}],"wp:term":[{"taxonomy":"category","embeddable":true,"href":"https:\/\/linitiative.ca\/International\/wp-json\/wp\/v2\/categories?post=72372"},{"taxonomy":"post_tag","embeddable":true,"href":"https:\/\/linitiative.ca\/International\/wp-json\/wp\/v2\/tags?post=72372"}],"curies":[{"name":"wp","href":"https:\/\/api.w.org\/{rel}","templated":true}]}}