{"id":72373,"date":"2020-01-07T15:19:08","date_gmt":"2020-01-07T20:19:08","guid":{"rendered":"https:\/\/linitiative.ca\/International\/entretiens-boukadoum-cavusoglu\/"},"modified":"2020-01-07T15:19:08","modified_gmt":"2020-01-07T20:19:08","slug":"entretiens-boukadoum-cavusoglu","status":"publish","type":"post","link":"https:\/\/linitiative.ca\/International\/entretiens-boukadoum-cavusoglu\/","title":{"rendered":"Entretiens Boukadoum-Cavusoglu"},"content":{"rendered":"<p>Le ministre des Affaires \u00e9trang\u00e8res, Sabri Boukadoum, s&rsquo;est entretenu hier \u00e0 Alger avec le ministre turc des Affaires \u00e9trang\u00e8res, Mevlut Cavusoglu. Les entretiens entre M. Boukadoum et son homologue turc ont \u00e9t\u00e9 ensuite \u00e9largis aux membres des d\u00e9l\u00e9gations des deux pays. Les questions r\u00e9gionales et internationales d&rsquo;actualit\u00e9 ont \u00e9t\u00e9 \u00e9voqu\u00e9es par les deux parties.<br \/>Les questions \u00e9conomiques, notamment le renforcement de l&rsquo;investissement, ont \u00e9t\u00e9 au centre des discussions entre les deux ministres.<br \/>\u00a0<\/p>\n<p>Auteur: elmoudjahid<br \/>\n<a href=\"http:\/\/www.elmoudjahid.com\/fr\/actualites\/146803\">Cliquez ici pour lire l&rsquo;article depuis sa source.<\/a><\/p>\n","protected":false},"excerpt":{"rendered":"<p>Le ministre des Affaires \u00e9trang\u00e8res, Sabri Boukadoum, s&rsquo;est entretenu hier \u00e0 Alger avec le ministre turc des Affaires \u00e9trang\u00e8res, Mevlut Cavusoglu. Les entretiens entre M. Boukadoum et son homologue turc ont \u00e9t\u00e9 ensuite \u00e9largis aux membres des d\u00e9l\u00e9gations des deux pays. Les questions r\u00e9gionales et internationales d&rsquo;actualit\u00e9 ont \u00e9t\u00e9 \u00e9voqu\u00e9es par les deux parties.Les questions [&hellip;]<\/p>\n","protected":false},"author":1744,"featured_media":0,"comment_status":"closed","ping_status":"closed","sticky":false,"template":"","format":"standard","meta":{"fifu_image_url":"","fifu_image_alt":"","footnotes":""},"categories":[73,53],"tags":[],"class_list":["post-72373","post","type-post","status-publish","format-standard","hentry","category-actualite","category-algerie"],"_links":{"self":[{"href":"https:\/\/linitiative.ca\/International\/wp-json\/wp\/v2\/posts\/72373","targetHints":{"allow":["GET"]}}],"collection":[{"href":"https:\/\/linitiative.ca\/International\/wp-json\/wp\/v2\/posts"}],"about":[{"href":"https:\/\/linitiative.ca\/International\/wp-json\/wp\/v2\/types\/post"}],"author":[{"embeddable":true,"href":"https:\/\/linitiative.ca\/International\/wp-json\/wp\/v2\/users\/1744"}],"replies":[{"embeddable":true,"href":"https:\/\/linitiative.ca\/International\/wp-json\/wp\/v2\/comments?post=72373"}],"version-history":[{"count":0,"href":"https:\/\/linitiative.ca\/International\/wp-json\/wp\/v2\/posts\/72373\/revisions"}],"wp:attachment":[{"href":"https:\/\/linitiative.ca\/International\/wp-json\/wp\/v2\/media?parent=72373"}],"wp:term":[{"taxonomy":"category","embeddable":true,"href":"https:\/\/linitiative.ca\/International\/wp-json\/wp\/v2\/categories?post=72373"},{"taxonomy":"post_tag","embeddable":true,"href":"https:\/\/linitiative.ca\/International\/wp-json\/wp\/v2\/tags?post=72373"}],"curies":[{"name":"wp","href":"https:\/\/api.w.org\/{rel}","templated":true}]}}