{"id":72374,"date":"2020-01-07T15:19:10","date_gmt":"2020-01-07T20:19:10","guid":{"rendered":"https:\/\/linitiative.ca\/International\/actions-diplomatiques-dalger-pour-une-solution-politique-en-libye\/"},"modified":"2020-01-07T15:19:10","modified_gmt":"2020-01-07T20:19:10","slug":"actions-diplomatiques-dalger-pour-une-solution-politique-en-libye","status":"publish","type":"post","link":"https:\/\/linitiative.ca\/International\/actions-diplomatiques-dalger-pour-une-solution-politique-en-libye\/","title":{"rendered":"Actions diplomatiques d\u2019Alger  :  Pour une solution politique en Libye"},"content":{"rendered":"<p>L\u2019Alg\u00e9rie a entam\u00e9 un marathon diplomatique pour\u00a0 proposer de nouvelles initiatives politiques en vue d\u2019une solution \u00e0 la\u00a0 crise libyenne, alors que les bruits de botte en Libye font craindre un embrassement de toute la r\u00e9gion.<br \/>Dans la foul\u00e9e de l\u2019escalade militaire en Libye, le pr\u00e9sident de la R\u00e9publique, Abdelmadjid Tebboune, a re\u00e7u lundi dernier le chef du gouvernement d\u2019Union nationale (GNA), Fayez El-Serraj, pour discuter d\u2019une solution\u00a0 politique en Libye, \u00abloin de toute ing\u00e9rence \u00e9trang\u00e8re\u00bb.<br \/>Le t\u00eate-\u00e0-t\u00eate Tebboune-Serraj a permis d\u2019\u00e9voquer \u00ables vues sur les outils et moyens idoines\u00bb pour r\u00e9tablir rapidement la paix en Libye, a indiqu\u00e9 un communiqu\u00e9 de la pr\u00e9sidence alg\u00e9rienne.<br \/>L\u2019entretien a \u00e9t\u00e9 l\u2019occasion pour l\u2019Alg\u00e9rie d\u2019appeler la communaut\u00e9 internationale, en particulier le Conseil de s\u00e9curit\u00e9 de l\u2019ONU, \u00e0 assumer\u00a0 leurs responsabilit\u00e9s pour imposer un cessez-le-feu imm\u00e9diat. Le pr\u00e9sident Tebboune qui a rappel\u00e9 la position constante de l\u2019Alg\u00e9rie vis-\u00e0-vis de la crise libyenne, reposant sur le principe de non-ing\u00e9rence dans les affaires internes des Etats, a r\u00e9it\u00e9r\u00e9 son \u00abattachement \u00e0 pr\u00e9server la r\u00e9gion de toute ing\u00e9rence \u00e9trang\u00e8re\u00bb.<br \/>Alger qui s\u2019inqui\u00e8te des cons\u00e9quences des multiples interventions en Libye, a exhort\u00e9 \u00ables parties \u00e9trang\u00e8res \u00e0 cesser d\u2019alimenter\u00bb le conflit\u00a0 en mettant fin au soutien militaire accord\u00e9 aux bellig\u00e9rants libyens en violation de l\u2019embargo sur les armes d\u00e9cr\u00e9t\u00e9 par l\u2019ONU.<br \/>A New York, juste apr\u00e8s l\u2019appel d\u2019Alger \u00e0 mettre fin aux interf\u00e9rences \u00e9trang\u00e8res en Libye, l\u2019\u00e9missaire de l\u2019ONU, Ghassan Salam\u00e9 a exprim\u00e9 sa\u00a0 col\u00e8re en demandant \u00e0 \u00abtous les pays de rester hors du conflit\u00bb. A l\u2019issue d\u2019une r\u00e9union de deux heures au Conseil de s\u00e9curit\u00e9, M. Salam\u00e9 a r\u00e9clam\u00e9 une \u00e9ni\u00e8me fois \u00abl\u2019arr\u00eat des interf\u00e9rences \u00e9trang\u00e8res sous diff\u00e9rentes formes\u00bb. \u00abCe que je demande \u00e0 ces pays est tr\u00e8s clair : restez hors de la Libye\u00bb, a-t-il d\u00e9clar\u00e9 \u00e0 la presse qui l\u2019a interrog\u00e9 sur le d\u00e9ploiement militaire turc en Libye.<\/p>\n<p><strong>Tripoli, une \u00abligne rouge\u00bb\u00a0 \u00e0 ne pas franchir<\/strong><\/p>\n<p>Alors que la situation se complique sur le terrain, l\u2019Alg\u00e9rie a consid\u00e9r\u00e9 \u00abTripoli comme une ligne rouge \u00e0 ne pas franchir\u00bb. De son c\u00f4t\u00e9, le GNA par la voix de son chef, a exprim\u00e9 sa pleine confiance dans les efforts d\u00e9ploy\u00e9s par l\u2019Alg\u00e9rie pour parvenir \u00e0 une solution politique au conflit libyen. La visite du chef du GNA a co\u00efncid\u00e9 avec l\u2019arriv\u00e9e \u00e0 Alger du chef de la diplomatie turque, Mevlut Cavusoglu, pour discuter des moyens pour transcender la crise actuelle. M. Cavusoglu a \u00e9t\u00e9 re\u00e7u hier par le pr\u00e9sident Tebboune pour discuter des derniers d\u00e9veloppements survenus sur la sc\u00e8ne libyenne. La veille, le pr\u00e9sident Tebboune a \u00e9chang\u00e9 avec la chanceli\u00e8re allemande Angela Merkel sur la situation en Libye. L\u2019entretien t\u00e9l\u00e9phonique entre les deux dirigeants a port\u00e9 sur les perspectives de paix en Libye et la n\u00e9cessit\u00e9 de trouver une solution politique \u00e0 la crise libyenne. La chanceli\u00e8re allemande a adress\u00e9 une invitation officielle \u00e0 l\u2019Alg\u00e9rie pour prendre part \u00e0 la Conf\u00e9rence de Berlin sur la Libye, pr\u00e9sent\u00e9e par\u00a0 l\u2019ONU comme la r\u00e9union de la derni\u00e8re chance. La date de cette rencontre pr\u00e9vue en janvier n\u2019est toujours pas arr\u00eat\u00e9e.<br \/>\u00a0<\/p>\n<p>Auteur: elmoudjahid<br \/>\n<a href=\"http:\/\/www.elmoudjahid.com\/fr\/actualites\/146804\">Cliquez ici pour lire l&rsquo;article depuis sa source.<\/a><\/p>\n","protected":false},"excerpt":{"rendered":"<p>L\u2019Alg\u00e9rie a entam\u00e9 un marathon diplomatique pour\u00a0 proposer de nouvelles initiatives politiques en vue d\u2019une solution \u00e0 la\u00a0 crise libyenne, alors que les bruits de botte en Libye font craindre un embrassement de toute la r\u00e9gion.Dans la foul\u00e9e de l\u2019escalade militaire en Libye, le pr\u00e9sident de la R\u00e9publique, Abdelmadjid Tebboune, a re\u00e7u lundi dernier le [&hellip;]<\/p>\n","protected":false},"author":1744,"featured_media":0,"comment_status":"closed","ping_status":"closed","sticky":false,"template":"","format":"standard","meta":{"fifu_image_url":"","fifu_image_alt":"","footnotes":""},"categories":[73,53],"tags":[],"class_list":["post-72374","post","type-post","status-publish","format-standard","hentry","category-actualite","category-algerie"],"_links":{"self":[{"href":"https:\/\/linitiative.ca\/International\/wp-json\/wp\/v2\/posts\/72374","targetHints":{"allow":["GET"]}}],"collection":[{"href":"https:\/\/linitiative.ca\/International\/wp-json\/wp\/v2\/posts"}],"about":[{"href":"https:\/\/linitiative.ca\/International\/wp-json\/wp\/v2\/types\/post"}],"author":[{"embeddable":true,"href":"https:\/\/linitiative.ca\/International\/wp-json\/wp\/v2\/users\/1744"}],"replies":[{"embeddable":true,"href":"https:\/\/linitiative.ca\/International\/wp-json\/wp\/v2\/comments?post=72374"}],"version-history":[{"count":0,"href":"https:\/\/linitiative.ca\/International\/wp-json\/wp\/v2\/posts\/72374\/revisions"}],"wp:attachment":[{"href":"https:\/\/linitiative.ca\/International\/wp-json\/wp\/v2\/media?parent=72374"}],"wp:term":[{"taxonomy":"category","embeddable":true,"href":"https:\/\/linitiative.ca\/International\/wp-json\/wp\/v2\/categories?post=72374"},{"taxonomy":"post_tag","embeddable":true,"href":"https:\/\/linitiative.ca\/International\/wp-json\/wp\/v2\/tags?post=72374"}],"curies":[{"name":"wp","href":"https:\/\/api.w.org\/{rel}","templated":true}]}}