{"id":72375,"date":"2020-01-07T15:19:12","date_gmt":"2020-01-07T20:19:12","guid":{"rendered":"https:\/\/linitiative.ca\/International\/union-africaine-le-cps-convoque-un-sommet-sur-la-libye-et-le-sahel-en-fevrier\/"},"modified":"2020-01-07T15:19:12","modified_gmt":"2020-01-07T20:19:12","slug":"union-africaine-le-cps-convoque-un-sommet-sur-la-libye-et-le-sahel-en-fevrier","status":"publish","type":"post","link":"https:\/\/linitiative.ca\/International\/union-africaine-le-cps-convoque-un-sommet-sur-la-libye-et-le-sahel-en-fevrier\/","title":{"rendered":"Union Africaine  :  Le CPS convoque un sommet sur la Libye et le Sahel en f\u00e9vrier"},"content":{"rendered":"<p>Le Conseil paix et s\u00e9curit\u00e9 (CPS) de l\u2019Union africaine (UA) se r\u00e9unira en sommet d\u00e9but f\u00e9vrier pour examiner la situation en Libye et au Sahel, en proie \u00e0 l\u2019instabilit\u00e9 depuis des ann\u00e9es, a annonc\u00e9 hier le commissaire \u00e0 la paix et la s\u00e9curit\u00e9 de l\u2019UA, Smail Chergui. La r\u00e9union du CPS se tiendra \u00e0 la veille du sommet de l\u2019UA, pr\u00e9vu les 8 et 9 f\u00e9vrier \u00e0 Addis-Abeba, a indiqu\u00e9 \u00e0 l\u2019APS M. Chergui.<br \/>Elle sera consacr\u00e9e \u00e0 la \u00abcrise libyenne et \u00e0 la circulation des armes qui a aggrav\u00e9 la situation au Sahel\u00bb, a d\u00e9clar\u00e9 le Commissaire Chergui depuis Addis-Abeba. Au-del\u00e0 de l\u2019escalade militaire en Libye, la circulation incontr\u00f4l\u00e9e des armes provenant des arsenaux libyens a fortement contribu\u00e9 au basculement s\u00e9curitaire dans la r\u00e9gion du Sahel. Encourag\u00e9 par le succ\u00e8s de sa r\u00e9cente m\u00e9diation en Centrafrique, l\u2019Union africaine veut reprendre le dossier libyen en main en restant engag\u00e9e \u00e0 appuyer une solution politique inclusive en Libye. Lundi, le pr\u00e9sident congolais Denis Sassou Nguesso a plaid\u00e9 pour que l&rsquo;Afrique ne soit pas marginalis\u00e9e dans la r\u00e9solution de la crise libyenne, qualifiant d&rsquo;\u00abinefficace\u00bb et \u00abcontre-productif\u00bb tout r\u00e8glement qui ne tiendrait pas compte du continent.<br \/>\u00abLa Libye est un pays africain et les victimes du conflit libyen sont essentiellement en Afrique. D\u00e8s lors, toute strat\u00e9gie de r\u00e8glement de la crise libyenne tendant \u00e0 marginaliser le continent africain pourrait se r\u00e9v\u00e9ler compl\u00e8tement inefficace et contre-productive\u00bb, a d\u00e9clar\u00e9 M. Sassou Nguesso qui pr\u00e9side le Comit\u00e9 de haut niveau de l&rsquo;Union africaine (UA) sur la Libye. \u00abJe me sens, une fois de plus, dans l&rsquo;imp\u00e9rieuse n\u00e9cessit\u00e9 de sugg\u00e9rer de nouvelles initiatives, afin que le prochain sommet de l&rsquo;UA \u00e9l\u00e8ve la r\u00e9solution du drame libyen au rang de priorit\u00e9 majeure\u00bb, a-t-il ajout\u00e9 en recevant \u00e0 Brazzaville les v\u0153ux du corps diplomatique accr\u00e9dit\u00e9 dans son pays. Le pr\u00e9sident congolais faisait, entre autres, allusion \u00e0 l&rsquo;initiative turque d&rsquo;envoyer des troupes sur le terrain libyen.<br \/>Auparavant, Moussa Faki Mahamat, pr\u00e9sident de la Commission de l&rsquo;Union africaine, a r\u00e9agi \u00e0 la d\u00e9cision turque en exprimant sa pr\u00e9occupation quant \u00e0 ses retomb\u00e9es. Sans nommer la Turquie, Moussa Faki Mahamat, a indiqu\u00e9 dans un communiqu\u00e9 diffus\u00e9 vendredi que l\u2019ing\u00e9rence dans les affaires int\u00e9rieures de la Libye \u00abaccro\u00eetront les risques d&rsquo;une confrontation dont les mobiles n&rsquo;ont rien \u00e0 voir avec les int\u00e9r\u00eats des Libyens\u00bb.<\/p>\n<p>Auteur: elmoudjahid<br \/>\n<a href=\"http:\/\/www.elmoudjahid.com\/fr\/actualites\/146805\">Cliquez ici pour lire l&rsquo;article depuis sa source.<\/a><\/p>\n","protected":false},"excerpt":{"rendered":"<p>Le Conseil paix et s\u00e9curit\u00e9 (CPS) de l\u2019Union africaine (UA) se r\u00e9unira en sommet d\u00e9but f\u00e9vrier pour examiner la situation en Libye et au Sahel, en proie \u00e0 l\u2019instabilit\u00e9 depuis des ann\u00e9es, a annonc\u00e9 hier le commissaire \u00e0 la paix et la s\u00e9curit\u00e9 de l\u2019UA, Smail Chergui. La r\u00e9union du CPS se tiendra \u00e0 la [&hellip;]<\/p>\n","protected":false},"author":1744,"featured_media":0,"comment_status":"closed","ping_status":"closed","sticky":false,"template":"","format":"standard","meta":{"fifu_image_url":"","fifu_image_alt":"","footnotes":""},"categories":[73,53],"tags":[],"class_list":["post-72375","post","type-post","status-publish","format-standard","hentry","category-actualite","category-algerie"],"_links":{"self":[{"href":"https:\/\/linitiative.ca\/International\/wp-json\/wp\/v2\/posts\/72375","targetHints":{"allow":["GET"]}}],"collection":[{"href":"https:\/\/linitiative.ca\/International\/wp-json\/wp\/v2\/posts"}],"about":[{"href":"https:\/\/linitiative.ca\/International\/wp-json\/wp\/v2\/types\/post"}],"author":[{"embeddable":true,"href":"https:\/\/linitiative.ca\/International\/wp-json\/wp\/v2\/users\/1744"}],"replies":[{"embeddable":true,"href":"https:\/\/linitiative.ca\/International\/wp-json\/wp\/v2\/comments?post=72375"}],"version-history":[{"count":0,"href":"https:\/\/linitiative.ca\/International\/wp-json\/wp\/v2\/posts\/72375\/revisions"}],"wp:attachment":[{"href":"https:\/\/linitiative.ca\/International\/wp-json\/wp\/v2\/media?parent=72375"}],"wp:term":[{"taxonomy":"category","embeddable":true,"href":"https:\/\/linitiative.ca\/International\/wp-json\/wp\/v2\/categories?post=72375"},{"taxonomy":"post_tag","embeddable":true,"href":"https:\/\/linitiative.ca\/International\/wp-json\/wp\/v2\/tags?post=72375"}],"curies":[{"name":"wp","href":"https:\/\/api.w.org\/{rel}","templated":true}]}}