{"id":72376,"date":"2020-01-07T15:19:15","date_gmt":"2020-01-07T20:19:15","guid":{"rendered":"https:\/\/linitiative.ca\/International\/situation-en-libye-la-diplomatie-algerienne-passe-a-laction\/"},"modified":"2020-01-07T15:19:15","modified_gmt":"2020-01-07T20:19:15","slug":"situation-en-libye-la-diplomatie-algerienne-passe-a-laction","status":"publish","type":"post","link":"https:\/\/linitiative.ca\/International\/situation-en-libye-la-diplomatie-algerienne-passe-a-laction\/","title":{"rendered":"Situation en Libye : La diplomatie alg\u00e9rienne passe \u00e0 l\u2019action"},"content":{"rendered":"<p>L&rsquo;\u00e9missaire de l&rsquo;ONU pour la Libye, Ghassan Salam\u00e9, a affirm\u00e9 lundi dernier sa \u00abcol\u00e8re\u00bb en r\u00e9clamant une \u00e9ni\u00e8me fois l&rsquo;arr\u00eat des interf\u00e9rences \u00e9trang\u00e8res dans le conflit libyen, \u00e0 l&rsquo;issue d&rsquo;une r\u00e9union de deux heures avec le Conseil de s\u00e9curit\u00e9. \u00abJe suis vraiment en col\u00e8re de voir que tout le monde veut parler de la Libye mais tr\u00e8s peu des Libyens, de ce qui arrive aux Libyens\u00bb, a-t-il d\u00e9clar\u00e9 aux m\u00e9dias apr\u00e8s la r\u00e9union. \u00abTrop c&rsquo;est trop, les Libyens ont assez souffert\u00bb. Interrog\u00e9 sur l&rsquo;arriv\u00e9e de militaires turcs en Libye, en soutien au Gouvernement libyen d&rsquo;union nationale (GNA), Ghassan Salam\u00e9 a r\u00e9pondu que \u00able pays souffrait beaucoup trop des interf\u00e9rences \u00e9trang\u00e8res sous diff\u00e9rentes formes\u00bb. \u00abCe que je demande \u00e0 ces pays est tr\u00e8s clair : restez hors de la Libye !\u00bb. \u00abIl y a assez d&rsquo;armes en Libye, ils n&rsquo;en ont pas besoin de plus. Il y a assez de mercenaires en Libye, alors arr\u00eatez d&rsquo;en envoyer comme c&rsquo;est encore le cas aujourd&rsquo;hui\u00bb, a dit l&rsquo;\u00e9missaire, en \u00e9voquant l&rsquo;arriv\u00e9e dans le pays \u00abde centaines, probablement de milliers\u00bb d&rsquo;entre eux.<br \/>La Russie s&rsquo;est dite \u00e9trang\u00e8re \u00e0 la pr\u00e9sence d&rsquo;un fort contingent de mercenaires en Libye. En rappelant l&rsquo;existence d&rsquo;un embargo sur les armes en Libye depuis 2011, Ghassan Salam\u00e9 a lanc\u00e9 : \u00abArr\u00eatez toutes ces interf\u00e9rences \u00e9trang\u00e8res ! Sortez de ce cauchemar libyen. Je demande \u00e0 tous les pays de rester hors du conflit car il n&rsquo;y a pas de solution militaire\u00bb. L&rsquo;\u00e9missaire s&rsquo;est aussi montr\u00e9 s\u00e9v\u00e8re \u00e0 l&rsquo;\u00e9gard du Conseil de s\u00e9curit\u00e9, incapable de s&rsquo;entendre depuis avril sur une r\u00e9solution r\u00e9clamant un cessez-le-feu. \u00abLa Libye n&rsquo;est pas seulement une histoire g\u00e9opolitique, c&rsquo;est aussi une histoire humaine. Les gens souffrent (&#8230;) mais il n&rsquo;y a pas de message international clair\u00bb, a-t-il d\u00e9plor\u00e9. Interrog\u00e9 sur la date d&rsquo;une conf\u00e9rence internationale sur la Libye envisag\u00e9e par l&rsquo;Allemagne et esp\u00e9r\u00e9e avant fin janvier, l&rsquo;\u00e9missaire a indiqu\u00e9 la souhaiter \u00abau plus t\u00f4t\u00bb. Selon une source diplomatique, une rencontre attendue samedi prochain \u00e0 Moscou entre la chanceli\u00e8re allemande Angela Merkel et le pr\u00e9sident russe Vladimir Poutine pourrait \u00eatre d\u00e9cisive \u00e0 ce sujet, si ce dernier accepte de participer \u00e0 cette r\u00e9union internationale \u00e0 laquelle serait aussi convi\u00e9 son homologue turc.<\/p>\n<p>Auteur: elmoudjahid<br \/>\n<a href=\"http:\/\/www.elmoudjahid.com\/fr\/actualites\/146806\">Cliquez ici pour lire l&rsquo;article depuis sa source.<\/a><\/p>\n","protected":false},"excerpt":{"rendered":"<p>L&rsquo;\u00e9missaire de l&rsquo;ONU pour la Libye, Ghassan Salam\u00e9, a affirm\u00e9 lundi dernier sa \u00abcol\u00e8re\u00bb en r\u00e9clamant une \u00e9ni\u00e8me fois l&rsquo;arr\u00eat des interf\u00e9rences \u00e9trang\u00e8res dans le conflit libyen, \u00e0 l&rsquo;issue d&rsquo;une r\u00e9union de deux heures avec le Conseil de s\u00e9curit\u00e9. \u00abJe suis vraiment en col\u00e8re de voir que tout le monde veut parler de la Libye [&hellip;]<\/p>\n","protected":false},"author":1744,"featured_media":0,"comment_status":"closed","ping_status":"closed","sticky":false,"template":"","format":"standard","meta":{"fifu_image_url":"","fifu_image_alt":"","footnotes":""},"categories":[73,53],"tags":[],"class_list":["post-72376","post","type-post","status-publish","format-standard","hentry","category-actualite","category-algerie"],"_links":{"self":[{"href":"https:\/\/linitiative.ca\/International\/wp-json\/wp\/v2\/posts\/72376","targetHints":{"allow":["GET"]}}],"collection":[{"href":"https:\/\/linitiative.ca\/International\/wp-json\/wp\/v2\/posts"}],"about":[{"href":"https:\/\/linitiative.ca\/International\/wp-json\/wp\/v2\/types\/post"}],"author":[{"embeddable":true,"href":"https:\/\/linitiative.ca\/International\/wp-json\/wp\/v2\/users\/1744"}],"replies":[{"embeddable":true,"href":"https:\/\/linitiative.ca\/International\/wp-json\/wp\/v2\/comments?post=72376"}],"version-history":[{"count":0,"href":"https:\/\/linitiative.ca\/International\/wp-json\/wp\/v2\/posts\/72376\/revisions"}],"wp:attachment":[{"href":"https:\/\/linitiative.ca\/International\/wp-json\/wp\/v2\/media?parent=72376"}],"wp:term":[{"taxonomy":"category","embeddable":true,"href":"https:\/\/linitiative.ca\/International\/wp-json\/wp\/v2\/categories?post=72376"},{"taxonomy":"post_tag","embeddable":true,"href":"https:\/\/linitiative.ca\/International\/wp-json\/wp\/v2\/tags?post=72376"}],"curies":[{"name":"wp","href":"https:\/\/api.w.org\/{rel}","templated":true}]}}