{"id":72380,"date":"2020-01-07T11:33:09","date_gmt":"2020-01-07T16:33:09","guid":{"rendered":"https:\/\/linitiative.ca\/International\/99843-ligue-1-nahd-adjali-limoge-zekri-pour-assurer-l-interim\/"},"modified":"2020-01-07T11:33:09","modified_gmt":"2020-01-07T16:33:09","slug":"99843-ligue-1-nahd-adjali-limoge-zekri-pour-assurer-l-interim","status":"publish","type":"post","link":"https:\/\/linitiative.ca\/International\/99843-ligue-1-nahd-adjali-limoge-zekri-pour-assurer-l-interim\/","title":{"rendered":"Ligue 1-NAHD: Adjali limog\u00e9, Zekri pour assurer l&rsquo;int\u00e9rim"},"content":{"rendered":"<div readability=\"39\">\n<p><strong>ALGER &#8211; La direction du NA Husse\u00efn-Dey (Ligue 1 de football), a annonc\u00e9 mardi sa d\u00e9cision de se passer des services de l&rsquo;entra\u00eeneur Lakhdar Adjali, deux jours apr\u00e8s l&rsquo;\u00e9limination de l&rsquo;\u00e9quipe en 16es de finale de la Coupe d&rsquo;Alg\u00e9rie en d\u00e9placement face au RC Arba\u00e2 de la Ligue 2 (1-0, a.p), a appris l&rsquo;APS aupr\u00e8s de la direction.<\/strong><\/p>\n<\/div>\n<div readability=\"58.7551401869\">\n<p>\u00ab\u00a0Adjali n&rsquo;est plus l&rsquo;entra\u00eeneur du NAHD, il est parti au m\u00eame titre que l&rsquo;entra\u00eeneur-adjoint Azzedine Rahim. Nous avons confi\u00e9 l&rsquo;int\u00e9rim \u00e0 Nacer Zekri (en charge de l&rsquo;\u00e9quipe r\u00e9serve, ndlr) en attendant la nomination d&rsquo;un nouveau coach qui sera \u00e0 90% local\u00a0\u00bb, a affirm\u00e9 \u00e0 l&rsquo;APS le pr\u00e9sident du Nasria Mourad Lahlou.<\/p>\n<p>Lakhdar Adjali, ancien joueur du NAHD (1991-1994), avait remplac\u00e9 en novembre dernier Arzeki Remane, d\u00e9missionnaire, suite \u00e0 la d\u00e9faite conc\u00e9d\u00e9e dans le derby face au MC Alger (3-0), dans le cadre de la 8e journ\u00e9e du championnat.<\/p>\n<hr\/>\n<h3>Lire aussi:\u00a0<a href=\"http:\/\/www.aps.dz\/sport\/97957-ligue-1-11e-j-le-nahd-et-le-mco-se-neutralisent-0-0\" target=\"_blank\" rel=\"noopener noreferrer\">Ligue 1 (11e j): le NAHD et le MCO se neutralisent (0-0)<\/a><\/h3>\n<hr\/>\n<p>Au terme de la phase aller de la comp\u00e9tition, le NAHD occupe la 13e place au tableau avec 15 points, \u00e0 une longueur seulement du premier rel\u00e9gable le Paradou AC (15e, 14 pts), qui compte trois matchs en moins.<\/p>\n<p>S\u00e9rieusement menac\u00e9 par le spectre de la rel\u00e9gation, le NAHD entamera la seconde partie de la saison en d\u00e9placement face \u00e0 la JS Kabylie, le mercredi 5 f\u00e9vrier au stade du 1e-novembre, \u00e0 l&rsquo;occasion de la 16e journ\u00e9e.<\/p>\n<\/div>\n<p>Auteur:<br \/>\n<a href=\"http:\/\/www.aps.dz\/sport\/99843-ligue-1-nahd-adjali-limoge-zekri-pour-assurer-l-interim?utm_source=feedburner&#038;utm_medium=feed&#038;utm_campaign=Feed%3A+aps-sport+%28APS+-+SPORT%29\">Cliquez ici pour lire l&rsquo;article depuis sa source.<\/a><\/p>\n","protected":false},"excerpt":{"rendered":"<p>ALGER &#8211; La direction du NA Husse\u00efn-Dey (Ligue 1 de football), a annonc\u00e9 mardi sa d\u00e9cision de se passer des services de l&rsquo;entra\u00eeneur Lakhdar Adjali, deux jours apr\u00e8s l&rsquo;\u00e9limination de l&rsquo;\u00e9quipe en 16es de finale de la Coupe d&rsquo;Alg\u00e9rie en d\u00e9placement face au RC Arba\u00e2 de la Ligue 2 (1-0, a.p), a appris l&rsquo;APS aupr\u00e8s [&hellip;]<\/p>\n","protected":false},"author":1790,"featured_media":0,"comment_status":"closed","ping_status":"closed","sticky":false,"template":"","format":"standard","meta":{"fifu_image_url":"","fifu_image_alt":"","footnotes":""},"categories":[53,75],"tags":[],"class_list":["post-72380","post","type-post","status-publish","format-standard","hentry","category-algerie","category-sport"],"_links":{"self":[{"href":"https:\/\/linitiative.ca\/International\/wp-json\/wp\/v2\/posts\/72380","targetHints":{"allow":["GET"]}}],"collection":[{"href":"https:\/\/linitiative.ca\/International\/wp-json\/wp\/v2\/posts"}],"about":[{"href":"https:\/\/linitiative.ca\/International\/wp-json\/wp\/v2\/types\/post"}],"author":[{"embeddable":true,"href":"https:\/\/linitiative.ca\/International\/wp-json\/wp\/v2\/users\/1790"}],"replies":[{"embeddable":true,"href":"https:\/\/linitiative.ca\/International\/wp-json\/wp\/v2\/comments?post=72380"}],"version-history":[{"count":0,"href":"https:\/\/linitiative.ca\/International\/wp-json\/wp\/v2\/posts\/72380\/revisions"}],"wp:attachment":[{"href":"https:\/\/linitiative.ca\/International\/wp-json\/wp\/v2\/media?parent=72380"}],"wp:term":[{"taxonomy":"category","embeddable":true,"href":"https:\/\/linitiative.ca\/International\/wp-json\/wp\/v2\/categories?post=72380"},{"taxonomy":"post_tag","embeddable":true,"href":"https:\/\/linitiative.ca\/International\/wp-json\/wp\/v2\/tags?post=72380"}],"curies":[{"name":"wp","href":"https:\/\/api.w.org\/{rel}","templated":true}]}}