{"id":72381,"date":"2020-01-07T12:17:41","date_gmt":"2020-01-07T17:17:41","guid":{"rendered":"https:\/\/linitiative.ca\/International\/99844-tournoi-international-ahmet-comert-12-boxeurs-algeriens-a-istanbul\/"},"modified":"2020-01-07T12:17:41","modified_gmt":"2020-01-07T17:17:41","slug":"99844-tournoi-international-ahmet-comert-12-boxeurs-algeriens-a-istanbul","status":"publish","type":"post","link":"https:\/\/linitiative.ca\/International\/99844-tournoi-international-ahmet-comert-12-boxeurs-algeriens-a-istanbul\/","title":{"rendered":"Tournoi international \u00ab\u00a0Ahmet Comert\u00a0\u00bb: 12 boxeurs alg\u00e9riens \u00e0 Istanbul"},"content":{"rendered":"<div readability=\"36\">\n<p><strong>ALGER &#8211; La s\u00e9lection alg\u00e9rienne de boxe seniors (messieurs et dames) prend part au tournoi international \u00ab\u00a0Ahmet Comert\u00a0\u00bb, pr\u00e9vu du 13 au 19 janvier \u00e0 Istanbul en Turquie, a-t-on appris mardi de la F\u00e9d\u00e9ration alg\u00e9rienne de boxe (FAB).<\/strong><\/p>\n<\/div>\n<div readability=\"60\">\n<p>Sous la conduite des entra\u00eeneurs nationaux, Ahmed Dine, Boubekri Hafid, Kinzi Abdelhani et Makhlouf Brahim, l&rsquo;\u00e9quipe nationale, compos\u00e9e de 12 boxeurs dont quatre dames, sera pr\u00e9sente \u00e0 ce tournoi international afin de pr\u00e9parer les prochains rendez-vous internationaux.<\/p>\n<p>L&rsquo;\u00e9quipe des messieurs est compos\u00e9e de Mohamed Flissi (52 kg), Mordjane Oussama (60 kg), Kramou Chemsedine (69 kg), Abdelhafid Benchabla (91 kg), Chouaib Bouloudinats (+91 kg), Abdelli Yhia (64 kg), Tabi Sofiane (75 kg) et Houmri Mohamed (81 kg).<\/p>\n<p>La s\u00e9lection f\u00e9minine compte quatre dames: Boualem Roumaissa, Senouci Fatma Zohra, Khelif Imane et Chaib Ichrak.<\/p>\n<p>Plusieurs rendez-vous internationaux sont inscrits au programme de la s\u00e9lection alg\u00e9rienne de boxe (seniors) dont le tournoi qualificatif aux Jeux olympiques 2020 de Tokyo, pr\u00e9vu du 20 au 29 f\u00e9vrier \u00e0 Dakar au S\u00e9n\u00e9gal.<\/p>\n<\/div>\n<p>Auteur:<br \/>\n<a href=\"http:\/\/www.aps.dz\/sport\/99844-tournoi-international-ahmet-comert-12-boxeurs-algeriens-a-istanbul?utm_source=feedburner&#038;utm_medium=feed&#038;utm_campaign=Feed%3A+aps-sport+%28APS+-+SPORT%29\">Cliquez ici pour lire l&rsquo;article depuis sa source.<\/a><\/p>\n","protected":false},"excerpt":{"rendered":"<p>ALGER &#8211; La s\u00e9lection alg\u00e9rienne de boxe seniors (messieurs et dames) prend part au tournoi international \u00ab\u00a0Ahmet Comert\u00a0\u00bb, pr\u00e9vu du 13 au 19 janvier \u00e0 Istanbul en Turquie, a-t-on appris mardi de la F\u00e9d\u00e9ration alg\u00e9rienne de boxe (FAB). Sous la conduite des entra\u00eeneurs nationaux, Ahmed Dine, Boubekri Hafid, Kinzi Abdelhani et Makhlouf Brahim, l&rsquo;\u00e9quipe nationale, [&hellip;]<\/p>\n","protected":false},"author":1790,"featured_media":0,"comment_status":"closed","ping_status":"closed","sticky":false,"template":"","format":"standard","meta":{"fifu_image_url":"","fifu_image_alt":"","footnotes":""},"categories":[53,75],"tags":[],"class_list":["post-72381","post","type-post","status-publish","format-standard","hentry","category-algerie","category-sport"],"_links":{"self":[{"href":"https:\/\/linitiative.ca\/International\/wp-json\/wp\/v2\/posts\/72381","targetHints":{"allow":["GET"]}}],"collection":[{"href":"https:\/\/linitiative.ca\/International\/wp-json\/wp\/v2\/posts"}],"about":[{"href":"https:\/\/linitiative.ca\/International\/wp-json\/wp\/v2\/types\/post"}],"author":[{"embeddable":true,"href":"https:\/\/linitiative.ca\/International\/wp-json\/wp\/v2\/users\/1790"}],"replies":[{"embeddable":true,"href":"https:\/\/linitiative.ca\/International\/wp-json\/wp\/v2\/comments?post=72381"}],"version-history":[{"count":0,"href":"https:\/\/linitiative.ca\/International\/wp-json\/wp\/v2\/posts\/72381\/revisions"}],"wp:attachment":[{"href":"https:\/\/linitiative.ca\/International\/wp-json\/wp\/v2\/media?parent=72381"}],"wp:term":[{"taxonomy":"category","embeddable":true,"href":"https:\/\/linitiative.ca\/International\/wp-json\/wp\/v2\/categories?post=72381"},{"taxonomy":"post_tag","embeddable":true,"href":"https:\/\/linitiative.ca\/International\/wp-json\/wp\/v2\/tags?post=72381"}],"curies":[{"name":"wp","href":"https:\/\/api.w.org\/{rel}","templated":true}]}}