{"id":72382,"date":"2020-01-07T10:43:00","date_gmt":"2020-01-07T15:43:00","guid":{"rendered":"https:\/\/linitiative.ca\/International\/jijel-le-directeur-de-lhopital-de-taher-en-detention-provisoire\/"},"modified":"2020-01-07T10:43:00","modified_gmt":"2020-01-07T15:43:00","slug":"jijel-le-directeur-de-lhopital-de-taher-en-detention-provisoire","status":"publish","type":"post","link":"https:\/\/linitiative.ca\/International\/jijel-le-directeur-de-lhopital-de-taher-en-detention-provisoire\/","title":{"rendered":"JIJEL  : Le directeur de l&rsquo;h\u00f4pital de Taher en d\u00e9tention provisoire"},"content":{"rendered":"<p><br id=\"sep_para_1\" class=\"sep_para access\"\/><\/p>\n<div id=\"para_1\" class=\"para_34856464 resize\">\n<div class=\"texte access firstletter\">Le juge d&rsquo;instruction du tribunal de Taher, dans la wilaya de Jijel, a ordonn\u00e9 lundi, la mise en d\u00e9tention provisoire de l&rsquo;actuel directeur de l&rsquo;h\u00f4pital Said Medjdoub de Taher pour son implication dans des affaires de corruption, a-t- on appris mardi de source judiciaire. La m\u00eame source a pr\u00e9cis\u00e9 que plusieurs chefs d\u2019accusations sont port\u00e9s \u00e0 l\u2019encontre de l&rsquo;actuel directeur de l&rsquo;h\u00f4pital de Taher, dont la \u00ab\u00a0conclusion de transactions suspectes\u00a0\u00bb, ajoutant que \u00ab\u00a0le mis en cause a \u00e9t\u00e9 t\u00e9moin de faits de corruption ayant secou\u00e9 cet h\u00f4pital et fait r\u00e9cemment l\u2019objet de l\u2019ouverture d\u2019enqu\u00eates, avant de se retrouver par la suite accus\u00e9\u00a0\u00bb. Selon la m\u00eame source, le directeur de cet \u00e9tablissement de sant\u00e9 a \u00e9t\u00e9 convoqu\u00e9 comme t\u00e9moin en sa qualit\u00e9 de cadre au sein de cet h\u00f4pital au moment des faits de corruption, soulignant qu\u2019\u00a0\u00bbapr\u00e8s avoir \u00e9tudi\u00e9 en profondeur le dossier, l\u2019implication de l\u2019accus\u00e9, nomm\u00e9 par la suite \u00e0 la t\u00eate de cette infrastructure, est devenue \u00e9vidente\u00a0\u00bb. A noter que plusieurs cadres de l&rsquo;h\u00f4pital de Taher sont \u00e9galement impliqu\u00e9s dans ces affaires de corruption.<\/div>\n<\/div>\n<p>Auteur: Nadine<br \/>\n<a href=\"https:\/\/www.reflexiondz.net\/JIJEL-Le-directeur-de-l-hopital-de-Taher-en-detention-provisoire_a59874.html\">Cliquez ici pour lire l&rsquo;article depuis sa source.<\/a><\/p>\n","protected":false},"excerpt":{"rendered":"<p>Le juge d&rsquo;instruction du tribunal de Taher, dans la wilaya de Jijel, a ordonn\u00e9 lundi, la mise en d\u00e9tention provisoire de l&rsquo;actuel directeur de l&rsquo;h\u00f4pital Said Medjdoub de Taher pour son implication dans des affaires de corruption, a-t- on appris mardi de source judiciaire. La m\u00eame source a pr\u00e9cis\u00e9 que plusieurs chefs d\u2019accusations sont port\u00e9s [&hellip;]<\/p>\n","protected":false},"author":1740,"featured_media":0,"comment_status":"closed","ping_status":"closed","sticky":false,"template":"","format":"standard","meta":{"fifu_image_url":"","fifu_image_alt":"","footnotes":""},"categories":[53,76],"tags":[],"class_list":["post-72382","post","type-post","status-publish","format-standard","hentry","category-algerie","category-regions"],"_links":{"self":[{"href":"https:\/\/linitiative.ca\/International\/wp-json\/wp\/v2\/posts\/72382","targetHints":{"allow":["GET"]}}],"collection":[{"href":"https:\/\/linitiative.ca\/International\/wp-json\/wp\/v2\/posts"}],"about":[{"href":"https:\/\/linitiative.ca\/International\/wp-json\/wp\/v2\/types\/post"}],"author":[{"embeddable":true,"href":"https:\/\/linitiative.ca\/International\/wp-json\/wp\/v2\/users\/1740"}],"replies":[{"embeddable":true,"href":"https:\/\/linitiative.ca\/International\/wp-json\/wp\/v2\/comments?post=72382"}],"version-history":[{"count":0,"href":"https:\/\/linitiative.ca\/International\/wp-json\/wp\/v2\/posts\/72382\/revisions"}],"wp:attachment":[{"href":"https:\/\/linitiative.ca\/International\/wp-json\/wp\/v2\/media?parent=72382"}],"wp:term":[{"taxonomy":"category","embeddable":true,"href":"https:\/\/linitiative.ca\/International\/wp-json\/wp\/v2\/categories?post=72382"},{"taxonomy":"post_tag","embeddable":true,"href":"https:\/\/linitiative.ca\/International\/wp-json\/wp\/v2\/tags?post=72382"}],"curies":[{"name":"wp","href":"https:\/\/api.w.org\/{rel}","templated":true}]}}