{"id":72383,"date":"2020-01-07T10:43:00","date_gmt":"2020-01-07T15:43:00","guid":{"rendered":"https:\/\/linitiative.ca\/International\/kader-chouicha-remis-en-liberte-provisoire\/"},"modified":"2020-01-07T10:43:00","modified_gmt":"2020-01-07T15:43:00","slug":"kader-chouicha-remis-en-liberte-provisoire","status":"publish","type":"post","link":"https:\/\/linitiative.ca\/International\/kader-chouicha-remis-en-liberte-provisoire\/","title":{"rendered":"Kader Chouicha remis en libert\u00e9 provisoire"},"content":{"rendered":"<p><br id=\"sep_para_1\" class=\"sep_para access\"\/><\/p>\n<div id=\"para_1\" class=\"para_34856477 resize\">\n<div class=\"texte access firstletter\">Le vice-pr\u00e9sident de la Ligue alg\u00e9rienne des droits de l\u2019Homme (LADDH), Kader Chouicha a \u00e9t\u00e9 remis mardi en libert\u00e9 provisoire par le tribunal d&rsquo;Oran en attendant son proc\u00e8s en appel fix\u00e9 pour le 20 janvier. Ce professeur d\u2019universit\u00e9 avait \u00e9t\u00e9 condamn\u00e9 le 10 d\u00e9cembre dernier \u00e0 une ann\u00e9e de prison ferme pour \u00ab\u00a0outrage et violence contre des fonctionnaires et institutions de l\u2019\u00c9tat et exposition au regard du public de documents de nature \u00e0 nuire \u00e0 l\u2019int\u00e9r\u00eat national\u00a0\u00bb. La sant\u00e9 de Kaddour Chouicha se d\u00e9grade et est tr\u00e8s inqui\u00e9tante, avaient ont averti lundi son avocat et sa famille.<\/div>\n<\/div>\n<p>Auteur: R\u00e9flexion<br \/>\n<a href=\"https:\/\/www.reflexiondz.net\/Kader-Chouicha-remis-en-liberte-provisoire_a59877.html\">Cliquez ici pour lire l&rsquo;article depuis sa source.<\/a><\/p>\n","protected":false},"excerpt":{"rendered":"<p>Le vice-pr\u00e9sident de la Ligue alg\u00e9rienne des droits de l\u2019Homme (LADDH), Kader Chouicha a \u00e9t\u00e9 remis mardi en libert\u00e9 provisoire par le tribunal d&rsquo;Oran en attendant son proc\u00e8s en appel fix\u00e9 pour le 20 janvier. Ce professeur d\u2019universit\u00e9 avait \u00e9t\u00e9 condamn\u00e9 le 10 d\u00e9cembre dernier \u00e0 une ann\u00e9e de prison ferme pour \u00ab\u00a0outrage et violence [&hellip;]<\/p>\n","protected":false},"author":1740,"featured_media":0,"comment_status":"closed","ping_status":"closed","sticky":false,"template":"","format":"standard","meta":{"fifu_image_url":"","fifu_image_alt":"","footnotes":""},"categories":[53,76],"tags":[],"class_list":["post-72383","post","type-post","status-publish","format-standard","hentry","category-algerie","category-regions"],"_links":{"self":[{"href":"https:\/\/linitiative.ca\/International\/wp-json\/wp\/v2\/posts\/72383","targetHints":{"allow":["GET"]}}],"collection":[{"href":"https:\/\/linitiative.ca\/International\/wp-json\/wp\/v2\/posts"}],"about":[{"href":"https:\/\/linitiative.ca\/International\/wp-json\/wp\/v2\/types\/post"}],"author":[{"embeddable":true,"href":"https:\/\/linitiative.ca\/International\/wp-json\/wp\/v2\/users\/1740"}],"replies":[{"embeddable":true,"href":"https:\/\/linitiative.ca\/International\/wp-json\/wp\/v2\/comments?post=72383"}],"version-history":[{"count":0,"href":"https:\/\/linitiative.ca\/International\/wp-json\/wp\/v2\/posts\/72383\/revisions"}],"wp:attachment":[{"href":"https:\/\/linitiative.ca\/International\/wp-json\/wp\/v2\/media?parent=72383"}],"wp:term":[{"taxonomy":"category","embeddable":true,"href":"https:\/\/linitiative.ca\/International\/wp-json\/wp\/v2\/categories?post=72383"},{"taxonomy":"post_tag","embeddable":true,"href":"https:\/\/linitiative.ca\/International\/wp-json\/wp\/v2\/tags?post=72383"}],"curies":[{"name":"wp","href":"https:\/\/api.w.org\/{rel}","templated":true}]}}