{"id":72384,"date":"2020-01-07T10:43:00","date_gmt":"2020-01-07T15:43:00","guid":{"rendered":"https:\/\/linitiative.ca\/International\/le-sort-de-mihoubi-a-la-tete-du-rnd-connu-le-10-janvier\/"},"modified":"2020-01-07T10:43:00","modified_gmt":"2020-01-07T15:43:00","slug":"le-sort-de-mihoubi-a-la-tete-du-rnd-connu-le-10-janvier","status":"publish","type":"post","link":"https:\/\/linitiative.ca\/International\/le-sort-de-mihoubi-a-la-tete-du-rnd-connu-le-10-janvier\/","title":{"rendered":"Le sort de  Mihoubi \u00e0 la t\u00eate du RND connu le 10 janvier !"},"content":{"rendered":"<p><br id=\"sep_para_1\" class=\"sep_para access\"\/><\/p>\n<div id=\"para_1\" class=\"para_34856473 resize\">\n<div class=\"texte access firstletter\">Il est question d\u2019une grande effervescence au sein du Rassemblement national d\u00e9mocratique (RND). L\u2019\u00e9chec de Azzedine Mihoubi, secr\u00e9taire g\u00e9n\u00e9ral par int\u00e9rim du parti, et son faible score lors de l\u2019\u00e9lection pr\u00e9sidentielle du 12 d\u00e9cembre dernier ont redonn\u00e9 du poil de la b\u00eate \u00e0 ses pourfendeurs. L\u2019ex candidat malheureux \u00e0 l\u2019\u00e9lection pr\u00e9sidentielle du 12 d\u00e9cembre, Azzedine Mihoubi, va reprendre la parole vendredi prochain apr\u00e8s avoir dig\u00e9r\u00e9 sa d\u00e9faite cinglante, alors qu\u2019il \u00e9tait donn\u00e9 favori.\u00a0 Il vient en effet de convoquer une session extraordinaire du Conseil national de son parti, le Rassemblement National D\u00e9mocratique (RND) pour vendredi prochain \u00e0 l\u2019h\u00f4tel Ryad de Sidi Fredj, selon une source m\u00e9diatique.\u00a0 Azzedine Mihoubi donne \u00e9galement rendez-vous aux m\u00e9dias pour une conf\u00e9rence de presse le lendemain samedi comme le faisait son pr\u00e9d\u00e9cesseur, Ahmed Ouyahia, qui croupit \u00e0 la prison d\u2019El Harrach.\u00a0 Le caract\u00e8re \u00abextraordinaire\u00bb de la r\u00e9union de l\u2019ex\u00e9cutif du RND, laisse supposer qu\u2019il sera question de prendre des d\u00e9cisions importantes.\u00a0<\/div>\n<\/div>\n<p>Auteur: R\u00e9flexion<br \/>\n<a href=\"https:\/\/www.reflexiondz.net\/Le-sort-de-Mihoubi-a-la-tete-du-RND-connu-le-10-janvier-_a59876.html\">Cliquez ici pour lire l&rsquo;article depuis sa source.<\/a><\/p>\n","protected":false},"excerpt":{"rendered":"<p>Il est question d\u2019une grande effervescence au sein du Rassemblement national d\u00e9mocratique (RND). L\u2019\u00e9chec de Azzedine Mihoubi, secr\u00e9taire g\u00e9n\u00e9ral par int\u00e9rim du parti, et son faible score lors de l\u2019\u00e9lection pr\u00e9sidentielle du 12 d\u00e9cembre dernier ont redonn\u00e9 du poil de la b\u00eate \u00e0 ses pourfendeurs. L\u2019ex candidat malheureux \u00e0 l\u2019\u00e9lection pr\u00e9sidentielle du 12 d\u00e9cembre, Azzedine [&hellip;]<\/p>\n","protected":false},"author":1740,"featured_media":0,"comment_status":"closed","ping_status":"closed","sticky":false,"template":"","format":"standard","meta":{"fifu_image_url":"","fifu_image_alt":"","footnotes":""},"categories":[53,76],"tags":[],"class_list":["post-72384","post","type-post","status-publish","format-standard","hentry","category-algerie","category-regions"],"_links":{"self":[{"href":"https:\/\/linitiative.ca\/International\/wp-json\/wp\/v2\/posts\/72384","targetHints":{"allow":["GET"]}}],"collection":[{"href":"https:\/\/linitiative.ca\/International\/wp-json\/wp\/v2\/posts"}],"about":[{"href":"https:\/\/linitiative.ca\/International\/wp-json\/wp\/v2\/types\/post"}],"author":[{"embeddable":true,"href":"https:\/\/linitiative.ca\/International\/wp-json\/wp\/v2\/users\/1740"}],"replies":[{"embeddable":true,"href":"https:\/\/linitiative.ca\/International\/wp-json\/wp\/v2\/comments?post=72384"}],"version-history":[{"count":0,"href":"https:\/\/linitiative.ca\/International\/wp-json\/wp\/v2\/posts\/72384\/revisions"}],"wp:attachment":[{"href":"https:\/\/linitiative.ca\/International\/wp-json\/wp\/v2\/media?parent=72384"}],"wp:term":[{"taxonomy":"category","embeddable":true,"href":"https:\/\/linitiative.ca\/International\/wp-json\/wp\/v2\/categories?post=72384"},{"taxonomy":"post_tag","embeddable":true,"href":"https:\/\/linitiative.ca\/International\/wp-json\/wp\/v2\/tags?post=72384"}],"curies":[{"name":"wp","href":"https:\/\/api.w.org\/{rel}","templated":true}]}}