{"id":72386,"date":"2020-01-07T14:15:00","date_gmt":"2020-01-07T19:15:00","guid":{"rendered":"https:\/\/linitiative.ca\/International\/kais-saied-invite-par-le-president-tebboune\/"},"modified":"2020-01-07T14:15:00","modified_gmt":"2020-01-07T19:15:00","slug":"kais-saied-invite-par-le-president-tebboune","status":"publish","type":"post","link":"https:\/\/linitiative.ca\/International\/kais-saied-invite-par-le-president-tebboune\/","title":{"rendered":"Kais Saied invit\u00e9 par le pr\u00e9sident Tebboune"},"content":{"rendered":"<p><br id=\"sep_para_1\" class=\"sep_para access\"\/><\/p>\n<div id=\"para_1\" class=\"para_34876883 resize\">\n<div class=\"photo shadow left\"><a href=\"javascript:void(0)\" rel=\"https:\/\/www.reflexiondz.net\/photo\/art\/grande\/41507697-34876883.jpg?v=1578428354&#038;ibox\" title=\"Kais Saied invit\u00e9 par le pr\u00e9sident Tebboune\"><img decoding=\"async\" class=\"responsive c9\" src=\"https:\/\/www.reflexiondz.net\/photo\/art\/grande\/41507697-34876883.jpg?v=1578428354\" alt=\"Kais Saied invit\u00e9 par le pr\u00e9sident Tebboune\" title=\"Kais Saied invit\u00e9 par le pr\u00e9sident Tebboune\"\/><img decoding=\"async\" class=\"not-responsive\" src=\"https:\/\/www.reflexiondz.net\/photo\/art\/default\/41507697-34876883.jpg?v=1578428355\" alt=\"Kais Saied invit\u00e9 par le pr\u00e9sident Tebboune\" title=\"Kais Saied invit\u00e9 par le pr\u00e9sident Tebboune\"\/><\/a><\/div>\n<div class=\"texte access firstletter\">Le pr\u00e9sident tunisien, Kais Saied, effectuera bient\u00f4t une visite en Alg\u00e9rie. C\u2019est ce qu\u2019a annonc\u00e9 ce mardi 7 janvier Rachida Ennaifer, conseill\u00e8re charg\u00e9e de le l\u2019information aupr\u00e8s de la pr\u00e9sidence de la R\u00e9publique tunisienne. Sur les ondes de la radio locale Mosa\u00efque Fm, la conseill\u00e8re a ajout\u00e9 que le pr\u00e9sident tunisien avait re\u00e7u une invitation officielle de la part des autorit\u00e9s alg\u00e9riennes. Cependant, selon elle, \u00ab il \u00e9tait irresponsable d\u2019entamer des visites \u00e0 l\u2019\u00e9tranger avant la formation du gouvernement, malgr\u00e9 les nombreuses invitations programm\u00e9es \u00bb. Par ailleurs, la conseill\u00e8re \u00e0 la pr\u00e9sidence tunisienne a d\u00e9menti des rumeurs v\u00e9hicul\u00e9es ces derniers jours selon lesquels il aurait peur de prendre l\u2019avion. Pour rappel,\u00a0 M. Kais Saied avait pourtant annonc\u00e9, lors de la campagne \u00e9lectorale pour les \u00e9lections pr\u00e9sidentielles tunisienne, que sa premi\u00e8re visite officielle \u00e0 l\u2019\u00e9tranger serait en Alg\u00e9rie.<\/div>\n<\/div>\n<p>Auteur: R\u00e9flexion<br \/>\n<a href=\"https:\/\/www.reflexiondz.net\/Kais-Saied-invite-par-le-president-Tebboune_a59878.html\">Cliquez ici pour lire l&rsquo;article depuis sa source.<\/a><\/p>\n","protected":false},"excerpt":{"rendered":"<p>Le pr\u00e9sident tunisien, Kais Saied, effectuera bient\u00f4t une visite en Alg\u00e9rie. C\u2019est ce qu\u2019a annonc\u00e9 ce mardi 7 janvier Rachida Ennaifer, conseill\u00e8re charg\u00e9e de le l\u2019information aupr\u00e8s de la pr\u00e9sidence de la R\u00e9publique tunisienne. Sur les ondes de la radio locale Mosa\u00efque Fm, la conseill\u00e8re a ajout\u00e9 que le pr\u00e9sident tunisien avait re\u00e7u une invitation [&hellip;]<\/p>\n","protected":false},"author":1740,"featured_media":0,"comment_status":"closed","ping_status":"closed","sticky":false,"template":"","format":"standard","meta":{"fifu_image_url":"","fifu_image_alt":"","footnotes":""},"categories":[53,76],"tags":[],"class_list":["post-72386","post","type-post","status-publish","format-standard","hentry","category-algerie","category-regions"],"_links":{"self":[{"href":"https:\/\/linitiative.ca\/International\/wp-json\/wp\/v2\/posts\/72386","targetHints":{"allow":["GET"]}}],"collection":[{"href":"https:\/\/linitiative.ca\/International\/wp-json\/wp\/v2\/posts"}],"about":[{"href":"https:\/\/linitiative.ca\/International\/wp-json\/wp\/v2\/types\/post"}],"author":[{"embeddable":true,"href":"https:\/\/linitiative.ca\/International\/wp-json\/wp\/v2\/users\/1740"}],"replies":[{"embeddable":true,"href":"https:\/\/linitiative.ca\/International\/wp-json\/wp\/v2\/comments?post=72386"}],"version-history":[{"count":0,"href":"https:\/\/linitiative.ca\/International\/wp-json\/wp\/v2\/posts\/72386\/revisions"}],"wp:attachment":[{"href":"https:\/\/linitiative.ca\/International\/wp-json\/wp\/v2\/media?parent=72386"}],"wp:term":[{"taxonomy":"category","embeddable":true,"href":"https:\/\/linitiative.ca\/International\/wp-json\/wp\/v2\/categories?post=72386"},{"taxonomy":"post_tag","embeddable":true,"href":"https:\/\/linitiative.ca\/International\/wp-json\/wp\/v2\/tags?post=72386"}],"curies":[{"name":"wp","href":"https:\/\/api.w.org\/{rel}","templated":true}]}}