{"id":72390,"date":"2020-01-07T10:57:00","date_gmt":"2020-01-07T15:57:00","guid":{"rendered":"https:\/\/linitiative.ca\/International\/tunisie-2019-vue-par-mohamed-hammi\/"},"modified":"2020-01-07T10:57:00","modified_gmt":"2020-01-07T15:57:00","slug":"tunisie-2019-vue-par-mohamed-hammi","status":"publish","type":"post","link":"https:\/\/linitiative.ca\/International\/tunisie-2019-vue-par-mohamed-hammi\/","title":{"rendered":"Tunisie: 2019 vue par Mohamed Hammi"},"content":{"rendered":"<h2>Janvier<\/h2>\n<p><img decoding=\"async\" src=\"\/uploads\/FCK_files\/Janvier(1).jpg\" alt=\"\" width=\"100%\" vspace=\"5\" hspace=\"5\" align=\"middle\"\/><\/p>\n<p><img decoding=\"async\" src=\"\/uploads\/FCK_files\/Janvier-1.jpg\" alt=\"\" width=\"100%\" vspace=\"5\" hspace=\"5\" align=\"middle\"\/><\/p>\n<p><strong><span class=\"c2\">\u2022<\/span><\/strong> Pour la premi\u00e8re fois depuis de longues ann\u00e9es, un contingent de l\u2019arm\u00e9e tunisienne est d\u00e9tach\u00e9 \u00e0 l\u2019\u00e9tranger en Casques bleus sous la banni\u00e8re des Nations unies. Destination, le Mali pour une mission de support logistique a\u00e9rien de transport de troupe et d\u2019\u00e9vacuation sanitaire.<\/p>\n<h2>F\u00e9vrier<\/h2>\n<p class=\"c3\"><img decoding=\"async\" src=\"\/uploads\/FCK_files\/F%C3%A9vrier(1).jpg\" alt=\"\" width=\"100%\" vspace=\"5\" hspace=\"5\" align=\"middle\"\/><\/p>\n<p><strong><span class=\"c2\">\u2022<\/span><\/strong> Derni\u00e8re visite d\u2019Etat effectu\u00e9e \u00e0 l\u2019\u00e9tranger par feu le pr\u00e9sident B\u00e9ji Ca\u00efd Essebsi. Malte, si proche et si amie, lui r\u00e9serve un accueil exceptionnel.<\/p>\n<p><img decoding=\"async\" src=\"\/uploads\/FCK_files\/F%C3%A9vrier-1.jpg\" alt=\"\" width=\"100%\" vspace=\"5\" hspace=\"5\" align=\"middle\"\/><\/p>\n<p><strong><span class=\"c2\">\u2022<\/span><\/strong> R\u00e9unir Gilles Kepel, Hela Ouardi et Youssef Seddik \u00e0 la fois, seul l\u2019ambassadeur du Liban \u00e0 Tunis, Tony Frangi\u00e9, a r\u00e9ussi \u00e0 le faire, pour une double c\u00e9l\u00e9bration : la parution du livre de Kepel, Sortir du chaos, et celui de Ouardi, Les Califes maudits, Tome 1.<\/p>\n<h2>Mars<\/h2>\n<p class=\"c3\"><img decoding=\"async\" src=\"\/uploads\/FCK_files\/Mars(1).jpg\" alt=\"\" width=\"100%\" vspace=\"5\" hspace=\"5\" align=\"middle\"\/><\/p>\n<p><strong><span class=\"c2\">\u2022<\/span><\/strong> Le savoir-faire des poti\u00e8res de Sejnane est d\u00e9sormais inscrit par l\u2019Unesco sur la liste repr\u00e9sentative du patrimoine culturel immat\u00e9riel de l\u2019Humanit\u00e9. Historique !<\/p>\n<p><img decoding=\"async\" src=\"\/uploads\/FCK_files\/Mars-1.jpg\" alt=\"\" width=\"100%\" vspace=\"5\" hspace=\"5\" align=\"middle\"\/><\/p>\n<p><strong><span class=\"c2\">\u2022<\/span><\/strong> L\u2019habit traditionnel revisit\u00e9 : la mode prend rapidement, suscitant l\u2019engouement de la jeunesse.<\/p>\n<p><img decoding=\"async\" src=\"\/uploads\/FCK_files\/Avril(1).jpg\" alt=\"\" width=\"100%\" vspace=\"5\" hspace=\"5\" align=\"middle\"\/><\/p>\n<h2>Avril<\/h2>\n<p><img decoding=\"async\" src=\"\/uploads\/FCK_files\/Avril-1.jpg\" alt=\"\" width=\"100%\" vspace=\"5\" hspace=\"5\" align=\"middle\"\/><\/p>\n<p><strong><span class=\"c2\">\u2022<\/span><\/strong> D\u00e9noncer la s\u00e9gr\u00e9gation raciale sous toutes ses formes s\u2019apprend d\u00e8s l\u2019enfance.<\/p>\n<h2>Mai<\/h2>\n<p><img decoding=\"async\" src=\"\/uploads\/FCK_files\/Mai(1).jpg\" alt=\"\" width=\"100%\" vspace=\"5\" hspace=\"5\" align=\"middle\"\/><\/p>\n<p><strong><span class=\"c2\">\u2022<\/span><\/strong> Le pr\u00e9sident de la Banque africaine de d\u00e9veloppement, Adewunmi Adesina, en visite officielle \u00e0 Tunis, a tenu \u00e0 se rendre chez Mansour Moalla, l\u2019un des principaux fondateurs de la BAD. Un hommage \u00e9mouvant.<\/p>\n<p><img decoding=\"async\" src=\"\/uploads\/FCK_files\/Mai-1.jpg\" alt=\"\" width=\"100%\" vspace=\"5\" hspace=\"5\" align=\"middle\"\/><\/p>\n<p><strong><span class=\"c2\">\u2022<\/span><\/strong> Foulard et tatouage: la femme tunisienne fi\u00e8re de son allure authentique et jalouse de son patrimoine.<\/p>\n<h2>Juin<\/h2>\n<p><img decoding=\"async\" src=\"\/uploads\/FCK_files\/Juin(1).jpg\" alt=\"\" width=\"100%\" vspace=\"5\" hspace=\"5\" align=\"middle\"\/><\/p>\n<p><strong><span class=\"c2\">\u2022<\/span><\/strong> R\u00e9colte exceptionnelle de c\u00e9r\u00e9ales. On conna\u00eet la suite, faute de pr\u00e9cautions et de capacit\u00e9 de stockage pr\u00e9par\u00e9e, une bonne partie du bl\u00e9 a \u00e9t\u00e9 emport\u00e9e par les eaux pluviales !<\/p>\n<p class=\"c3\"><img decoding=\"async\" src=\"\/uploads\/FCK_files\/Juin-1.jpg\" alt=\"\" width=\"100%\" vspace=\"5\" hspace=\"5\" align=\"middle\"\/><\/p>\n<p><strong><span class=\"c2\">\u2022<\/span><\/strong> Les forces sp\u00e9ciales de l\u2019Arm\u00e9e nationale constituent une unit\u00e9 d\u2019\u00e9lite de tr\u00e8s haut niveau. Pour la premi\u00e8re fois, une \u00e9quipe de journalistes (Leaders et Mosa\u00efque) a \u00e9t\u00e9 autoris\u00e9e \u00e0 effectuer un reportage int\u00e9gral sur les performances de ces unit\u00e9s bas\u00e9es \u00e0 Menzel Jemil (Bizerte). La vid\u00e9o de Maroua Makni sur Leaders est en top sur les r\u00e9seaux sociaux.<\/p>\n<h2>Juillet<\/h2>\n<p><img decoding=\"async\" src=\"\/uploads\/FCK_files\/Juillet(1).jpg\" alt=\"\" width=\"100%\" vspace=\"5\" hspace=\"5\" align=\"middle\"\/><\/p>\n<p class=\"c3\"><img decoding=\"async\" src=\"\/uploads\/FCK_files\/Juillet--1.jpg\" alt=\"\" width=\"100%\" vspace=\"5\" hspace=\"5\" align=\"middle\"\/><\/p>\n<p><strong><span class=\"c2\">\u2022<\/span><\/strong> Le d\u00e9c\u00e8s du pr\u00e9sident Ca\u00efd Essebsi a endeuill\u00e9 la Tunisie et les Tunisiens. Un seul r\u00e9confort, les fun\u00e9railles historiques qui lui ont \u00e9t\u00e9 r\u00e9serv\u00e9es.<\/p>\n<h2>Ao\u00fbt<\/h2>\n<p class=\"c3\"><img decoding=\"async\" src=\"\/uploads\/FCK_files\/Ao%C3%BBt(1).jpg\" alt=\"\" width=\"100%\" vspace=\"5\" hspace=\"5\" align=\"middle\"\/><\/p>\n<p><strong><span class=\"c2\">\u2022<\/span><\/strong> Le couple de l\u2019ann\u00e9e et de toujours : Hamma Hammami et Radhia Nasraoui.<\/p>\n<h2>Septembre<\/h2>\n<p><img decoding=\"async\" src=\"\/uploads\/FCK_files\/Septembre.jpg\" alt=\"\" width=\"100%\" vspace=\"5\" hspace=\"5\" align=\"middle\"\/><\/p>\n<p class=\"c3\"><img decoding=\"async\" src=\"\/uploads\/FCK_files\/Septembre-1.jpg\" alt=\"\" width=\"100%\" vspace=\"5\" hspace=\"5\" align=\"middle\"\/><\/p>\n<p><strong><span class=\"c2\">\u2022<\/span><\/strong> L\u2019arrestation de Nabil Karoui, en pleine p\u00e9riode \u00e9lectorale, a d\u00e9fray\u00e9 la chronique. En femme fid\u00e8le et militante, son \u00e9pouse Salwa Smaoui s\u2019est d\u00e9men\u00e9e de toute son \u00e9nergie pour le faire lib\u00e9rer et porter son parti Qalb Toun\u00e8s en deuxi\u00e8me position aux \u00e9lections l\u00e9gislatives.<\/p>\n<h2>Octobre<\/h2>\n<p class=\"c3\"><img decoding=\"async\" src=\"\/uploads\/FCK_files\/Octobre.jpg\" alt=\"\" width=\"100%\" vspace=\"5\" hspace=\"5\" align=\"middle\"\/><\/p>\n<p><strong><span class=\"c2\">\u2022<\/span><\/strong> Une tro\u00efka impr\u00e9vue \u00e0 la t\u00eate de l\u2019Etat, apr\u00e8s le d\u00e9c\u00e8s du pr\u00e9sident Ca\u00efd Essebsi : Mohamed Ennaceur, entour\u00e9 de Abdelfettah Mourou et Youssef Chahed, au carr\u00e9 des martyrs \u00e0 Bizerte<\/p>\n<p><img decoding=\"async\" src=\"\/uploads\/FCK_files\/Octobre-1.jpg\" alt=\"\" width=\"100%\" vspace=\"5\" hspace=\"5\" align=\"middle\"\/><\/p>\n<p><strong><span class=\"c2\">\u2022<\/span><\/strong> Le couple surprise du mandat pr\u00e9sidentiel 2019-2024 : Ka\u00efs Sa\u00efed et son \u00e9pouse Achraf Chebil.<\/p>\n<h2>Novembre<\/h2>\n<p><img decoding=\"async\" src=\"\/uploads\/FCK_files\/Novembre(1).jpg\" alt=\"\" width=\"100%\" vspace=\"5\" hspace=\"5\" align=\"middle\"\/><\/p>\n<p><strong><span class=\"c2\">\u2022<\/span><\/strong> Retour des croisi\u00e9ristes au port de La Goulette apr\u00e8s une longue d\u00e9saffection. Les lueurs de la reprise touristique.<\/p>\n<p><img decoding=\"async\" src=\"\/uploads\/FCK_files\/Novembre-1.jpg\" alt=\"\" width=\"100%\" vspace=\"5\" hspace=\"5\" align=\"middle\"\/><\/p>\n<p><strong><span class=\"c2\">\u2022<\/span><\/strong> Contre toute attente, Habib Jemli charg\u00e9 de former le gouvernement.<\/p>\n<p><img decoding=\"async\" src=\"\/uploads\/FCK_files\/Novembre-2.jpg\" alt=\"\" width=\"100%\" vspace=\"5\" hspace=\"5\" align=\"middle\"\/><\/p>\n<p><strong><span class=\"c2\">\u2022<\/span><\/strong> Rached Ghannouchi est \u00e9lu pr\u00e9sident de l\u2019ARP. Premier chef de parti islamiste \u00e0 se hisser au perchoir dans la r\u00e9gion.<\/p>\n<h2>D\u00e9cembre<\/h2>\n<p class=\"c3\"><img decoding=\"async\" src=\"\/uploads\/FCK_files\/D%C3%A9cembre.jpg\" alt=\"\" width=\"100%\" vspace=\"5\" hspace=\"5\" align=\"middle\"\/><\/p>\n<p><strong><span class=\"c2\">\u2022<\/span><\/strong> L\u2019huile d\u2019olive coule \u00e0 flots, apr\u00e8s une r\u00e9colte record. Pourvu que l\u2019agriculteur s\u2019y retrouve et que le consommateur tunisien en profite.<\/p>\n<p><img decoding=\"async\" src=\"\/uploads\/FCK_files\/D%C3%A9cembre-1.jpg\" alt=\"\" width=\"100%\" vspace=\"5\" hspace=\"5\" align=\"middle\"\/><\/p>\n<p><strong><span class=\"c2\">\u2022<\/span><\/strong> Le joyau qui fait des heureuses &#8230; et des jalouses.<\/p>\n<p><img decoding=\"async\" src=\"\/uploads\/FCK_files\/Leaders.jpg\" alt=\"\" width=\"100%\" vspace=\"5\" hspace=\"5\" align=\"middle\"\/><br \/>\u00a0<\/p>\n<p>Auteur:<br \/>\n<a href=\"https:\/\/www.leaders.com.tn\/article\/28812-tunisie-2019-vue-par-mohamed-hammi\">Cliquez ici pour lire l&rsquo;article depuis sa source.<\/a><\/p>\n","protected":false},"excerpt":{"rendered":"<p>Janvier \u2022 Pour la premi\u00e8re fois depuis de longues ann\u00e9es, un contingent de l\u2019arm\u00e9e tunisienne est d\u00e9tach\u00e9 \u00e0 l\u2019\u00e9tranger en Casques bleus sous la banni\u00e8re des Nations unies. Destination, le Mali pour une mission de support logistique a\u00e9rien de transport de troupe et d\u2019\u00e9vacuation sanitaire. F\u00e9vrier \u2022 Derni\u00e8re visite d\u2019Etat effectu\u00e9e \u00e0 l\u2019\u00e9tranger par feu [&hellip;]<\/p>\n","protected":false},"author":1772,"featured_media":72391,"comment_status":"closed","ping_status":"closed","sticky":false,"template":"","format":"standard","meta":{"fifu_image_url":"","fifu_image_alt":"","footnotes":""},"categories":[73,55],"tags":[],"class_list":["post-72390","post","type-post","status-publish","format-standard","has-post-thumbnail","hentry","category-actualite","category-tunisie"],"_links":{"self":[{"href":"https:\/\/linitiative.ca\/International\/wp-json\/wp\/v2\/posts\/72390","targetHints":{"allow":["GET"]}}],"collection":[{"href":"https:\/\/linitiative.ca\/International\/wp-json\/wp\/v2\/posts"}],"about":[{"href":"https:\/\/linitiative.ca\/International\/wp-json\/wp\/v2\/types\/post"}],"author":[{"embeddable":true,"href":"https:\/\/linitiative.ca\/International\/wp-json\/wp\/v2\/users\/1772"}],"replies":[{"embeddable":true,"href":"https:\/\/linitiative.ca\/International\/wp-json\/wp\/v2\/comments?post=72390"}],"version-history":[{"count":0,"href":"https:\/\/linitiative.ca\/International\/wp-json\/wp\/v2\/posts\/72390\/revisions"}],"wp:featuredmedia":[{"embeddable":true,"href":"https:\/\/linitiative.ca\/International\/wp-json\/"}],"wp:attachment":[{"href":"https:\/\/linitiative.ca\/International\/wp-json\/wp\/v2\/media?parent=72390"}],"wp:term":[{"taxonomy":"category","embeddable":true,"href":"https:\/\/linitiative.ca\/International\/wp-json\/wp\/v2\/categories?post=72390"},{"taxonomy":"post_tag","embeddable":true,"href":"https:\/\/linitiative.ca\/International\/wp-json\/wp\/v2\/tags?post=72390"}],"curies":[{"name":"wp","href":"https:\/\/api.w.org\/{rel}","templated":true}]}}