{"id":72392,"date":"2020-01-07T12:52:00","date_gmt":"2020-01-07T17:52:00","guid":{"rendered":"https:\/\/linitiative.ca\/International\/mokhtar-el-khlifi-il-est-temps-den-finir-avec-les-tractations-et-les-marchandages\/"},"modified":"2020-01-07T12:52:00","modified_gmt":"2020-01-07T17:52:00","slug":"mokhtar-el-khlifi-il-est-temps-den-finir-avec-les-tractations-et-les-marchandages","status":"publish","type":"post","link":"https:\/\/linitiative.ca\/International\/mokhtar-el-khlifi-il-est-temps-den-finir-avec-les-tractations-et-les-marchandages\/","title":{"rendered":"Mokhtar el khlifi: Il est temps d&rsquo;en finir avec les tractations et les marchandages"},"content":{"rendered":"<p><img decoding=\"async\" src=\"\/uploads\/FCK_files\/Mokhtar-El-Khlifi(5).jpg\" alt=\"\" width=\"30%\" vspace=\"5\" hspace=\"5\" align=\"right\"\/>Le citoyen que je suis, craint le pire pour son pays au vu de ce qu\u2019il voit et entend.<\/p>\n<p>Des discussions, des marchandages, des tractations, des va-et-vient, des d\u00e9clarations \u00e0 n\u2019en plus finir, des programmes pr\u00e9cis, s\u00e9rieux et r\u00e9alistes inexistants, tout cela,\u00a0 ne laisse pas entrevoir le bout du tunnel.<\/p>\n<p>Pourtant le bon sens et le r\u00e9alisme\u00a0 nous dictent le chemin \u00e0 suivre.<\/p>\n<p>De l\u2019avis de plus d\u2019un expert, hors de l\u2019appareil gouvernemental, la situation de notre pays se rapproche, de plus en plus et \u00e0 pas s\u00fbrs, du cas grec, et les premi\u00e8res mesures urgentes \u00e0 prendre pour arr\u00eater \u00ab\u00a0 l\u2019h\u00e9morragie \u00bb et \u00e9loigner ce spectre, ne pourraient pas ne pas recueillir leur assentiment \u00e0 quelque bord qu\u2019ils appartiennent.<\/p>\n<p>Le malheur pour ce pays est de ne pas avoir aux commandes des personnalit\u00e9s en mesure de saisir la r\u00e9alit\u00e9 \u00e9conomique, de ne pas avoir de bons conseillers pourvu qu\u2019on soit dispos\u00e9 \u00e0 les \u00e9couter et surtout de trancher dans le vif.<\/p>\n<p>Si ces dirigeants ont quelque doute sur la grave situation que traverse le pays et ne savent pas par o\u00f9 commencer pour remettre le pays sur la voie de la croissance, rien de plus simple, pourvu qu\u2019on soit de bonne foi et si qu\u2019on met l\u2019int\u00e9r\u00eat du pays avant tout et surtout avant son int\u00e9r\u00eat politique. Provoquer un d\u00e9bat t\u00e9l\u00e9vis\u00e9 entre les personnalit\u00e9s \u00e9conomiques du Gouvernement (Messieurs, Chahed, Rajhi, Besbes, Saidi\u2026.) et leurs d\u00e9tracteurs (Messieurs, Ezzedine Saidane, MoezJoudi \u2026), d\u00e9bat devant \u00eatre dirig\u00e9 par un \u00e9conomiste ind\u00e9pendant des partis (Monsieur Nouri, par exemple, ou quelqu\u2019un d\u2019autre).<br \/>De ce d\u00e9bat surgira la v\u00e9rit\u00e9. Ces experts s\u2019entendront sur le diagnostic et sur les mesures pr\u00e9cises \u00e0 prendre des plus urgentes \u00e0 celles qui le sont moins.<\/p>\n<p>Ce d\u00e9bat public \u00e9clairera bien du monde. Le citoyen, les dirigeants des organisations nationales et les dirigeants politiques, et particuli\u00e8rement, Rached Ghannouchi qui ne comprend strictement rien \u00e0 l\u2019\u00e9conomie mais qui a l\u00e9gitimement le Pouvoir de choisir le Chef du Gouvernement. Le Pr\u00e9sident qui ne connait que le Droit constitutionnel pourrait en tirer parti et ajuster ses choix. Enfin, et bien \u00e9videmment nos bailleurs de fonds qui sont dans l\u2019expectative et ont suspendu les tranches de cr\u00e9dit combien vitales.<\/p>\n<p>Oui, en formant ce gouvernement on doit avoir \u00e0 l\u2019esprit les objectifs \u00e0 court et \u00e0 moyen terme \u00e0 r\u00e9aliser et pouvoir choisir les hommes d\u2019envergure en mesure de former une \u00e9quipe homog\u00e8ne capables de le r\u00e9aliser.<\/p>\n<p>Si on parvenait, dans ces conditions, \u00e0 d\u00e9finir avec pr\u00e9cision le programme \u00e0 r\u00e9aliser et \u00e0 mobiliser une \u00e9quipe pour le prendre en charge, cela sera de nature \u00e0 r\u00e9tablir la confiance des investisseurs locaux et \u00e9trangers et \u00e0 emporter l\u2019adh\u00e9sion des organisations nationales et du citoyen qui saura que le pays va emprunter la voie du redressement \u00e9conomique.<\/p>\n<p>Nous devons parvenir \u00e0 convaincre le citoyen sur la n\u00e9cessit\u00e9 d\u2019un sacrifice librement consenti car il y aura in\u00e9luctablement des sacrifices en vue.<\/p>\n<p>N\u2019avons-nous pas perdu beaucoup de temps faute d\u2019un v\u00e9ritable capitaine \u00e0 bord et ce depuis 2011?<\/p>\n<p>Avec un programme pr\u00e9cis et des hommes\u00a0 choisis surtout pour leur envergure, leur exp\u00e9rience et leur honn\u00eatet\u00e9 et non des CV froids, la question de leur appartenance politique passera au second plan.<br \/>Puisse Dieu \u00e9clairer nos dirigeants qui estiment qu\u2019ils sont plus proches de\u00a0 lui que nous autres humbles citoyens.<\/p>\n<p>S\u2019il y a un faux d\u00e9part ce sera l\u2019irr\u00e9parable et cela pour plusieurs ann\u00e9es avec des troubles sociaux incontr\u00f4lables qui nous feront perdre notre acquis d\u00e9mocratique et notre pain quotidien. Un Responsable politique averti en vaut deux.<\/p>\n<p class=\"c2\"><strong>Mokhtar el khlifi<\/strong><\/p>\n<p>Auteur:<br \/>\n<a href=\"https:\/\/www.leaders.com.tn\/article\/28813-mokhtar-el-khlifi-ras-le-bol\">Cliquez ici pour lire l&rsquo;article depuis sa source.<\/a><\/p>\n","protected":false},"excerpt":{"rendered":"<p>Le citoyen que je suis, craint le pire pour son pays au vu de ce qu\u2019il voit et entend. Des discussions, des marchandages, des tractations, des va-et-vient, des d\u00e9clarations \u00e0 n\u2019en plus finir, des programmes pr\u00e9cis, s\u00e9rieux et r\u00e9alistes inexistants, tout cela,\u00a0 ne laisse pas entrevoir le bout du tunnel. Pourtant le bon sens et [&hellip;]<\/p>\n","protected":false},"author":1772,"featured_media":72393,"comment_status":"closed","ping_status":"closed","sticky":false,"template":"","format":"standard","meta":{"fifu_image_url":"","fifu_image_alt":"","footnotes":""},"categories":[73,55],"tags":[],"class_list":["post-72392","post","type-post","status-publish","format-standard","has-post-thumbnail","hentry","category-actualite","category-tunisie"],"_links":{"self":[{"href":"https:\/\/linitiative.ca\/International\/wp-json\/wp\/v2\/posts\/72392","targetHints":{"allow":["GET"]}}],"collection":[{"href":"https:\/\/linitiative.ca\/International\/wp-json\/wp\/v2\/posts"}],"about":[{"href":"https:\/\/linitiative.ca\/International\/wp-json\/wp\/v2\/types\/post"}],"author":[{"embeddable":true,"href":"https:\/\/linitiative.ca\/International\/wp-json\/wp\/v2\/users\/1772"}],"replies":[{"embeddable":true,"href":"https:\/\/linitiative.ca\/International\/wp-json\/wp\/v2\/comments?post=72392"}],"version-history":[{"count":0,"href":"https:\/\/linitiative.ca\/International\/wp-json\/wp\/v2\/posts\/72392\/revisions"}],"wp:featuredmedia":[{"embeddable":true,"href":"https:\/\/linitiative.ca\/International\/wp-json\/"}],"wp:attachment":[{"href":"https:\/\/linitiative.ca\/International\/wp-json\/wp\/v2\/media?parent=72392"}],"wp:term":[{"taxonomy":"category","embeddable":true,"href":"https:\/\/linitiative.ca\/International\/wp-json\/wp\/v2\/categories?post=72392"},{"taxonomy":"post_tag","embeddable":true,"href":"https:\/\/linitiative.ca\/International\/wp-json\/wp\/v2\/tags?post=72392"}],"curies":[{"name":"wp","href":"https:\/\/api.w.org\/{rel}","templated":true}]}}