{"id":72394,"date":"2020-01-07T13:30:00","date_gmt":"2020-01-07T18:30:00","guid":{"rendered":"https:\/\/linitiative.ca\/International\/le-deficit-energetique-se-creuse-le-salut-viendra-t-il-du-champ-nawara\/"},"modified":"2020-01-07T13:30:00","modified_gmt":"2020-01-07T18:30:00","slug":"le-deficit-energetique-se-creuse-le-salut-viendra-t-il-du-champ-nawara","status":"publish","type":"post","link":"https:\/\/linitiative.ca\/International\/le-deficit-energetique-se-creuse-le-salut-viendra-t-il-du-champ-nawara\/","title":{"rendered":"Le d\u00e9ficit \u00e9nerg\u00e9tique se creuse : le salut viendra t-il du champ Nawara?"},"content":{"rendered":"<p>Le champ Nawara qui est appel\u00e9 avec celui d&rsquo;El Waha \u00e0 produire 2,7 millions de m<sup>3<\/sup> de gaz par an, soit la moiti\u00e9 de la production nationale et 17% de la consommation nationale revient une nouvelle sur le devant de la sc\u00e8ne avec les gr\u00e8ves projet\u00e9es par l\u2019Union r\u00e9gionale du travail de Tataouine. Ces deux champs stopperont leur production les 16 et 17 janvier prochains. Motif invoqu\u00e9 : \u00abla politique d\u2019atermoiement adopt\u00e9e par l\u2019administration de la soci\u00e9t\u00e9 OMV, face aux revendications li\u00e9es notamment \u00e0 la proclamation de la suite des r\u00e9sultats du concours d\u2019int\u00e9gration des jeunes de la r\u00e9gion, la cr\u00e9ation d\u2019une convention sp\u00e9cifique, le comblement des postes vacants et l\u2019actualisation de l\u2019avancement de grade \u00bb. Cette gr\u00e8ve arrive au plus mauvais moment, alors que\u00a0\u00ab l\u2019\u00e9largissement du d\u00e9ficit de la balance de l\u2019\u00e9nergie s\u2019est accentu\u00e9 selon un rapport de la BCT Nawara, pour atteindre, un nouveau record de 7 milliards de dinars \u00e0 fin novembe, alors qu&rsquo;il n&rsquo;\u00e9tait que 5,6 milliards un an auparavant, qui repr\u00e9sente 40% du d\u00e9ficit commercial global\u00bb.<\/p>\n<p>Ce d\u00e9ficit \u00e9nerg\u00e9tique de la Tunisie est devenu un enjeu r\u00e9el pour le pays, puisqu\u2019il se creuse d\u2019ann\u00e9e en ann\u00e9e. Il met en exergue notre manque de production des \u00e9nergies primaires et renouvelables, mais aussi une consommation qui tend \u00e0 la hausse. Heureusement, les solutions \u00e0 ce probl\u00e8me sont claires. Reste \u00e0 les r\u00e9aliser \u00e0 temps.C&rsquo;est pourquoi, les investissements dans ce secteur deviennent in\u00e9luctables. C\u2019est l\u2019une des solutions es plus viables qui permettraient de r\u00e9duire la d\u00e9pendance \u00e9nerg\u00e9tique du pays et les importations du gaz par la m\u00eame occasion.<br \/>Dans cette optique, une strat\u00e9gie \u00e9nerg\u00e9tique nationale est annonc\u00e9e, portant essentiellement sur la production de l\u2019\u00e9lectricit\u00e9 \u00e0 partir des \u00e9nergies renouvelables. Elle viserait \u00e0 couvrir 30% de nos besoins \u00e9nerg\u00e9tiques d\u2019ici 2030.<\/p>\n<p>Auteur:<br \/>\n<a href=\"https:\/\/www.leaders.com.tn\/article\/28806-le-deficit-energetique-de-la-tunisie-la-production-devient-maitre-mot\">Cliquez ici pour lire l&rsquo;article depuis sa source.<\/a><\/p>\n","protected":false},"excerpt":{"rendered":"<p>Le champ Nawara qui est appel\u00e9 avec celui d&rsquo;El Waha \u00e0 produire 2,7 millions de m3 de gaz par an, soit la moiti\u00e9 de la production nationale et 17% de la consommation nationale revient une nouvelle sur le devant de la sc\u00e8ne avec les gr\u00e8ves projet\u00e9es par l\u2019Union r\u00e9gionale du travail de Tataouine. Ces deux [&hellip;]<\/p>\n","protected":false},"author":1772,"featured_media":0,"comment_status":"closed","ping_status":"closed","sticky":false,"template":"","format":"standard","meta":{"fifu_image_url":"","fifu_image_alt":"","footnotes":""},"categories":[73,55],"tags":[],"class_list":["post-72394","post","type-post","status-publish","format-standard","hentry","category-actualite","category-tunisie"],"_links":{"self":[{"href":"https:\/\/linitiative.ca\/International\/wp-json\/wp\/v2\/posts\/72394","targetHints":{"allow":["GET"]}}],"collection":[{"href":"https:\/\/linitiative.ca\/International\/wp-json\/wp\/v2\/posts"}],"about":[{"href":"https:\/\/linitiative.ca\/International\/wp-json\/wp\/v2\/types\/post"}],"author":[{"embeddable":true,"href":"https:\/\/linitiative.ca\/International\/wp-json\/wp\/v2\/users\/1772"}],"replies":[{"embeddable":true,"href":"https:\/\/linitiative.ca\/International\/wp-json\/wp\/v2\/comments?post=72394"}],"version-history":[{"count":0,"href":"https:\/\/linitiative.ca\/International\/wp-json\/wp\/v2\/posts\/72394\/revisions"}],"wp:attachment":[{"href":"https:\/\/linitiative.ca\/International\/wp-json\/wp\/v2\/media?parent=72394"}],"wp:term":[{"taxonomy":"category","embeddable":true,"href":"https:\/\/linitiative.ca\/International\/wp-json\/wp\/v2\/categories?post=72394"},{"taxonomy":"post_tag","embeddable":true,"href":"https:\/\/linitiative.ca\/International\/wp-json\/wp\/v2\/tags?post=72394"}],"curies":[{"name":"wp","href":"https:\/\/api.w.org\/{rel}","templated":true}]}}