{"id":72395,"date":"2020-01-07T14:07:00","date_gmt":"2020-01-07T19:07:00","guid":{"rendered":"https:\/\/linitiative.ca\/International\/le-diplomate-ahmed-ounaies-lintervention-turque-en-libye-peut-favoriser-un-reglement-pacifique\/"},"modified":"2020-01-07T14:07:00","modified_gmt":"2020-01-07T19:07:00","slug":"le-diplomate-ahmed-ounaies-lintervention-turque-en-libye-peut-favoriser-un-reglement-pacifique","status":"publish","type":"post","link":"https:\/\/linitiative.ca\/International\/le-diplomate-ahmed-ounaies-lintervention-turque-en-libye-peut-favoriser-un-reglement-pacifique\/","title":{"rendered":"Le diplomate Ahmed Ouna\u00efes: l&rsquo;intervention turque en Libye peut favoriser un r\u00e8glement pacifique"},"content":{"rendered":"<p>Le diplomate Ahmed Ouna\u00efes est connu pour ses analyses p\u00e9n\u00e9trantes et surtout son franc parler qui peuvent choquer parce qu\u2019elles\u00a0 sont parfois \u00e0 contre courant de l\u2019opinion dominante. C\u2019est le cas de sa position sur l\u2019intervention turque en Libye. Dans une interview \u00e0 une radio priv\u00e9e, il a d\u00e9clar\u00e9 que \u00ab cette intervention peut favoriser une d\u00e9sescalade sur le terrain et \u00e9loigner le spectre d\u2019une guerre. Si ce risque est aujourd\u2019hui est patent, c\u2019est parce le rapport de force est en faveur d\u2019une seule partie, en l\u2019occurrence, le g\u00e9n\u00e9ral Haftar. Or l\u2019initiative turque peut entra\u00eener un \u00e9quilibrage de ce rapport et obliger les protagonistes \u00e0 composer au lieu de s\u2019installer dans une guerre d\u2019usure et partant favoriser un r\u00e8glement pacifique\u00bb.\u00a0<\/p>\n<p>Auteur:<br \/>\n<a href=\"https:\/\/www.leaders.com.tn\/article\/28814-le-diplomate-ahmed-ounaies-l-intervention-turque-en-libye-peut-favoriser-un-reglement-pacifique\">Cliquez ici pour lire l&rsquo;article depuis sa source.<\/a><\/p>\n","protected":false},"excerpt":{"rendered":"<p>Le diplomate Ahmed Ouna\u00efes est connu pour ses analyses p\u00e9n\u00e9trantes et surtout son franc parler qui peuvent choquer parce qu\u2019elles\u00a0 sont parfois \u00e0 contre courant de l\u2019opinion dominante. C\u2019est le cas de sa position sur l\u2019intervention turque en Libye. Dans une interview \u00e0 une radio priv\u00e9e, il a d\u00e9clar\u00e9 que \u00ab cette intervention peut favoriser [&hellip;]<\/p>\n","protected":false},"author":1772,"featured_media":0,"comment_status":"closed","ping_status":"closed","sticky":false,"template":"","format":"standard","meta":{"fifu_image_url":"","fifu_image_alt":"","footnotes":""},"categories":[73,55],"tags":[],"class_list":["post-72395","post","type-post","status-publish","format-standard","hentry","category-actualite","category-tunisie"],"_links":{"self":[{"href":"https:\/\/linitiative.ca\/International\/wp-json\/wp\/v2\/posts\/72395","targetHints":{"allow":["GET"]}}],"collection":[{"href":"https:\/\/linitiative.ca\/International\/wp-json\/wp\/v2\/posts"}],"about":[{"href":"https:\/\/linitiative.ca\/International\/wp-json\/wp\/v2\/types\/post"}],"author":[{"embeddable":true,"href":"https:\/\/linitiative.ca\/International\/wp-json\/wp\/v2\/users\/1772"}],"replies":[{"embeddable":true,"href":"https:\/\/linitiative.ca\/International\/wp-json\/wp\/v2\/comments?post=72395"}],"version-history":[{"count":0,"href":"https:\/\/linitiative.ca\/International\/wp-json\/wp\/v2\/posts\/72395\/revisions"}],"wp:attachment":[{"href":"https:\/\/linitiative.ca\/International\/wp-json\/wp\/v2\/media?parent=72395"}],"wp:term":[{"taxonomy":"category","embeddable":true,"href":"https:\/\/linitiative.ca\/International\/wp-json\/wp\/v2\/categories?post=72395"},{"taxonomy":"post_tag","embeddable":true,"href":"https:\/\/linitiative.ca\/International\/wp-json\/wp\/v2\/tags?post=72395"}],"curies":[{"name":"wp","href":"https:\/\/api.w.org\/{rel}","templated":true}]}}