{"id":72396,"date":"2020-01-07T14:40:00","date_gmt":"2020-01-07T19:40:00","guid":{"rendered":"https:\/\/linitiative.ca\/International\/hedi-behi-avons-nous-vraiment-besoin-dune-seconde-revolution\/"},"modified":"2020-01-07T14:40:00","modified_gmt":"2020-01-07T19:40:00","slug":"hedi-behi-avons-nous-vraiment-besoin-dune-seconde-revolution","status":"publish","type":"post","link":"https:\/\/linitiative.ca\/International\/hedi-behi-avons-nous-vraiment-besoin-dune-seconde-revolution\/","title":{"rendered":"H\u00e9di B\u00e9hi: avons-nous vraiment besoin d\u2019une seconde r\u00e9volution?"},"content":{"rendered":"<p><img decoding=\"async\" src=\"\/uploads\/FCK_files\/Hedi-Behi(37).jpg\" width=\"30%\" vspace=\"5\" hspace=\"5\" align=\"right\" alt=\"\"\/>Trois mois \u00e0 peine apr\u00e8s son investiture, le pr\u00e9sident de la R\u00e9publique est d\u00e9j\u00e0 sous le feu nourri des critiques.\u00a0 Un \u00e9minent historien sp\u00e9cialiste de l\u2019antiquit\u00e9 pr\u00e9tend m\u00eame d\u00e9celer chez lui des relents de c\u00e9sarisme, cette\u00a0 dictature qui s\u2019appuie sur le peuple et qui finit par conduire le pays \u00e0 la ruine par la d\u00e9composition des institutions de l\u2019Etat. Fort de ses 72% de voix \u00e0 l\u2019\u00e9lection pr\u00e9sidentielle, le chef de l\u2019Etat pourrait \u00eatre tent\u00e9. Pour le moment, il n&rsquo;a qu&rsquo;une ambition, permettre au peuple d&rsquo;avoir voix au chapitre. Entre deux passages en revue des troupes dont il est f\u00e9ru, il s\u2019est rendu le jour anniversaire de l\u2019immolation par le feu de Mohamed Bouazizi \u00e0 Sidi Bouzid. Emport\u00e9 par la foule, il a improvis\u00e9 un discours d\u2019une violence inou\u00efe, parl\u00e9 de complots qui se mijotaient dans des chambres obscures et appel\u00e9 son auditoire compos\u00e9 surtout de jeunes \u00e0 la vigilance\u00a0 avant de s\u2019en prendre \u00e0 la classe politique. C\u2019est tout juste s\u2019il n\u2019avait pas appel\u00e9 \u00e0 la gr\u00e8ve ou \u00e0 la chute du r\u00e9gime.<\/p>\n<p>Ces propos montrent \u00e0 l\u2019\u00e9vidence qu\u2019il a bien du mal \u00e0 troquer son \u00abtreillis\u00bb de r\u00e9volutionnaire contre le complet-veston de pr\u00e9sident de la R\u00e9publique. Aust\u00e8re, n\u2019aimant pas la vie de palais, ni les honneurs, il veut s&rsquo;essayer \u00e0 ce qu&rsquo;on a appel\u00e9 dans les ann\u00e9es 60 le \u00ableadership h\u00e9ro\u00efque\u00bb o\u00f9 l\u2019accent est mis sur la dramatisation de la politique, les mesures spectaculaires et les changements drastiques. Sa\u00efed aime les harangues, sa rh\u00e9torique r\u00e9volutionnaire s\u00e9duit les jeunes, ses envol\u00e9es lyriques les remuent, son discours \u00e9galitariste les enthousiasme. Comme un leitmotiv, le slogan \u00ab\u00a0Achaab youride\u00a0\u00bb revient dans sa bouche. Mais au fond, tout cela sonne creux. Pour le moment, il n&rsquo;a rien \u00e0 leur offrir, sinon des chim\u00e8res. Dans son rapport au peuple, il y a du Bourguiba, mais un Bourguiba qui s\u2019adresse aux sentiments et non \u00e0 la raison. Pour les mobiliser, il fait dans le complotisme. L\u2019effet est imm\u00e9diat. Ses propos \u00e0 Sidi Bouzid ne sont pas tomb\u00e9s dans l\u2019oreille d\u2019un sourd. Comme aux premi\u00e8res heures de la r\u00e9volution, un groupe de jeunes, prenant au mot le pr\u00e9sident, investira quelques jours plus tard le si\u00e8ge du gouvernorat de Tataouine et obligera le gouverneur \u00e0 quitter les lieux. IIs l\u2019accusent de \u00abcomploter&#8230;contre la r\u00e9gion\u00bb et finissent par envoyer un message de soutien au chef de l\u2019Etat. Un retour \u00e0 ce d\u00e9gagisme qui a failli saper au d\u00e9but de la r\u00e9volution les fondements de l\u2019Etat. Mais ce n\u2019est rien \u00e0 c\u00f4t\u00e9 de ce qui nous attend.<\/p>\n<p>Ka\u00efs Sa\u00efed envisage s\u00e9rieusement une r\u00e9forme r\u00e9volutionnaire, la r\u00e9publique des conseils qui \u00e9voque la r\u00e9publique des soviets. Pour L\u00e9nine, cette r\u00e9forme \u00e9tait destin\u00e9e \u00e0 \u00eatre \u00abl\u2019embryon d\u2019un second pouvoir et l\u2019incarnation de la conscience r\u00e9volutionnaire des masses et les familiariser avec la gestion de l\u2019Etat\u00bb. Il voulait faire en sorte que m\u00eame une cuisini\u00e8re devait \u00eatre capable de diriger l&rsquo;Etat. Sa\u00efed, moins ambitieux, cherche \u00e0 donner au peuple beaucoup plus d\u2019occasions de s\u2019exprimer et m\u00eame de trouver lui-m\u00eame les d\u00e9cisions appropri\u00e9es. Ce sera la mesure-phare de son quinquennat pense-t-il. Ne ratant aucune occasion pour en parler, il\u00a0 en attend beaucoup, m\u00eame si elle a \u00e9t\u00e9 tr\u00e8s vite abandonn\u00e9e dans sa patrie d\u2019origine, puis dans la Libye de Kadhafi (les fameuses lijane chaabia). L\u2019id\u00e9e centrale qui sous-tend cette initiative est que tout doit proc\u00e9der du peuple, parce que le peuple conna\u00eet instinctivement ses int\u00e9r\u00eats. Certes \u00e0 travers les \u00e9lections libres,le pouvoir \u00e9mane du peuple, mais il doit aussi gouverner.<\/p>\n<p>Le p\u00e8re de cette r\u00e9forme s\u2019appelle Ridha Chihab El Mekki, un L\u00e9nine au petit pied qui croit encore \u00e0 la r\u00e9volution permanente de Trotsky et qui se trouve \u00eatre, malheureusement, le mauvais g\u00e9nie du chef de l\u2019Etat. J\u2019ai cru r\u00eaver l\u2019autre jour en l\u2019\u00e9coutant parler de cette r\u00e9forme et ses diff\u00e9rentes \u00e9tapes sur une cha\u00eene de t\u00e9l\u00e9vision. Commentaire d\u2019un universitaire: \u00e0 ce train-l\u00e0, nous en aurons pour 365 jours d\u2019\u00e9lections en une ann\u00e9e. Le chemin de l\u2019enfer est pav\u00e9 de bonnes intentions. Sa\u00efed, lui, est convaincu qu\u2019elle sera une r\u00e9volution dans la r\u00e9volution. Celle qui donnera du contenu \u00e0 sa formule favorite, son s\u00e9same.<\/p>\n<p class=\"c2\"><strong>H\u00e9di B\u00e9hi<\/strong><\/p>\n<p>Auteur:<br \/>\n<a href=\"https:\/\/www.leaders.com.tn\/article\/28811-hedi-behi-avons-nous-vraiment-besoin-d-une-seconde-revolution\">Cliquez ici pour lire l&rsquo;article depuis sa source.<\/a><\/p>\n","protected":false},"excerpt":{"rendered":"<p>Trois mois \u00e0 peine apr\u00e8s son investiture, le pr\u00e9sident de la R\u00e9publique est d\u00e9j\u00e0 sous le feu nourri des critiques.\u00a0 Un \u00e9minent historien sp\u00e9cialiste de l\u2019antiquit\u00e9 pr\u00e9tend m\u00eame d\u00e9celer chez lui des relents de c\u00e9sarisme, cette\u00a0 dictature qui s\u2019appuie sur le peuple et qui finit par conduire le pays \u00e0 la ruine par la d\u00e9composition [&hellip;]<\/p>\n","protected":false},"author":1772,"featured_media":72397,"comment_status":"closed","ping_status":"closed","sticky":false,"template":"","format":"standard","meta":{"fifu_image_url":"","fifu_image_alt":"","footnotes":""},"categories":[73,55],"tags":[],"class_list":["post-72396","post","type-post","status-publish","format-standard","has-post-thumbnail","hentry","category-actualite","category-tunisie"],"_links":{"self":[{"href":"https:\/\/linitiative.ca\/International\/wp-json\/wp\/v2\/posts\/72396","targetHints":{"allow":["GET"]}}],"collection":[{"href":"https:\/\/linitiative.ca\/International\/wp-json\/wp\/v2\/posts"}],"about":[{"href":"https:\/\/linitiative.ca\/International\/wp-json\/wp\/v2\/types\/post"}],"author":[{"embeddable":true,"href":"https:\/\/linitiative.ca\/International\/wp-json\/wp\/v2\/users\/1772"}],"replies":[{"embeddable":true,"href":"https:\/\/linitiative.ca\/International\/wp-json\/wp\/v2\/comments?post=72396"}],"version-history":[{"count":0,"href":"https:\/\/linitiative.ca\/International\/wp-json\/wp\/v2\/posts\/72396\/revisions"}],"wp:featuredmedia":[{"embeddable":true,"href":"https:\/\/linitiative.ca\/International\/wp-json\/"}],"wp:attachment":[{"href":"https:\/\/linitiative.ca\/International\/wp-json\/wp\/v2\/media?parent=72396"}],"wp:term":[{"taxonomy":"category","embeddable":true,"href":"https:\/\/linitiative.ca\/International\/wp-json\/wp\/v2\/categories?post=72396"},{"taxonomy":"post_tag","embeddable":true,"href":"https:\/\/linitiative.ca\/International\/wp-json\/wp\/v2\/tags?post=72396"}],"curies":[{"name":"wp","href":"https:\/\/api.w.org\/{rel}","templated":true}]}}