{"id":72401,"date":"2020-01-07T05:00:00","date_gmt":"2020-01-07T10:00:00","guid":{"rendered":"https:\/\/linitiative.ca\/International\/de-nouveaux-details-sur-la-fuite-de-carlos-ghosn\/"},"modified":"2020-01-07T05:00:00","modified_gmt":"2020-01-07T10:00:00","slug":"de-nouveaux-details-sur-la-fuite-de-carlos-ghosn","status":"publish","type":"post","link":"https:\/\/linitiative.ca\/International\/de-nouveaux-details-sur-la-fuite-de-carlos-ghosn\/","title":{"rendered":"De nouveaux d\u00e9tails sur la fuite  de Carlos Ghosn"},"content":{"rendered":"<p>De nouveaux d\u00e9tails \u00e9mergeaient hier lundi sur les premi\u00e8res heures de la fuite de Carlos Ghosn, qui, selon des m\u00e9dias nippons, aurait pris un train de Tokyo \u00e0 Osaka en compagnie de plusieurs personnes encore non identifi\u00e9es par la police japonaise.<br \/>Carlos Ghosn a pris un train \u00e0 grande vitesse (shinkansen) dimanche 29 d\u00e9cembre de Tokyo \u00e0 Osaka (ouest), o\u00f9 il est arriv\u00e9 en d\u00e9but de soir\u00e9e le m\u00eame jour, selon le quotidien Yomiuri Shimbun et la cha\u00eene de t\u00e9l\u00e9vision nippone NTV.<br \/>Il aurait voyag\u00e9 en compagnie de plusieurs personnes que la police japonaise cherche actuellement \u00e0 identifier \u00e0 partir d&rsquo;images de vid\u00e9osurveillance, explique le Yomiuri.<br \/>A Osaka, M. Ghosn aurait rejoint en taxi un h\u00f4tel pr\u00e8s de l&rsquo;a\u00e9roport international du Kansai, a pr\u00e9cis\u00e9 NTV.<br \/>Inculp\u00e9 au Japon pour malversations financi\u00e8res pr\u00e9sum\u00e9es, l&rsquo;ancien grand patron de Renault et Nissan avait \u00e9t\u00e9 lib\u00e9r\u00e9 sous caution fin avril 2019, mais il avait l&rsquo;interdiction de quitter le Japon dans l&rsquo;attente de son proc\u00e8s.<br \/>Le Franco-libano-br\u00e9silien de 65 ans \u00e9tait assign\u00e9 \u00e0 r\u00e9sidence \u00e0 Tokyo. Il pouvait toutefois sortir librement de chez lui et faire des voyages de moins de 72 heures \u00e0 travers le pays sans demander une autorisation du tribunal.\u00a0<br \/>Par ailleurs, les agents d&rsquo;une soci\u00e9t\u00e9 priv\u00e9e soup\u00e7onn\u00e9s d&rsquo;\u00eatre mandat\u00e9s par Nissan pour le suivre en permanence avaient quelque peu rel\u00e2ch\u00e9 leur vigilance ces derniers temps, selon une source proche de son entourage interrog\u00e9e par l&rsquo;AFP.<br \/>C&rsquo;est ainsi qu&rsquo;il a pu quitter seul et sans difficult\u00e9 apparente sa r\u00e9sidence tokyo\u00efte dimanche 29 d\u00e9cembre en d\u00e9but d&rsquo;apr\u00e8s-midi, d&rsquo;apr\u00e8s des images de vid\u00e9osurveillance consult\u00e9es la semaine derni\u00e8re par des m\u00e9dias nippons.<br \/>La suite de sa fuite demeure pour l&rsquo;heure myst\u00e9rieuse. D&rsquo;apr\u00e8s de premi\u00e8res informations, il a embarqu\u00e9 \u00e0 bord d&rsquo;un jet priv\u00e9 le 29 d\u00e9cembre en fin de soir\u00e9e \u00e0 destination d&rsquo;Istanbul. Arriv\u00e9 \u00e0 l&rsquo;a\u00e9roport Atat\u00fcrk le lendemain matin, il a pris de l\u00e0 un autre appareil priv\u00e9 pour rallier Beyrouth.<br \/>Pour \u00e9viter les contr\u00f4les \u00e0 l&rsquo;a\u00e9roport au Japon, il se serait dissimul\u00e9 dans un caisson \u00e0 roulettes servant \u00e0 transporter du mat\u00e9riel de concert, a affirm\u00e9 ce week-end le Wall Street Journal.<br \/>Retrouv\u00e9 par les enqu\u00eateurs turcs dans un des jets utilis\u00e9s, ce caisson \u00e9tait perc\u00e9 de petits trous pour lui permettre de respirer, selon le quotidien \u00e9conomique am\u00e9ricain.<br \/>Le contr\u00f4le aux rayons X des bagages n&rsquo;est pas obligatoire au Japon pour les jets priv\u00e9s, moins expos\u00e9s aux risques de bombe ou de prise d&rsquo;otages, contrairement aux avions de ligne, a pr\u00e9cis\u00e9 \u00e0 l&rsquo;AFP un porte-parole du minist\u00e8re nippon des Transports.<br \/>La ministre de la Justice, Masako Mori, a rappel\u00e9 lundi avoir ordonn\u00e9 que soient prises \u00abdes dispositions pour que les contr\u00f4les d&rsquo;entr\u00e9e et de sortie du territoire soient renforc\u00e9s\u00bb afin qu&rsquo;un cas aussi embarrassant ne se reproduise plus \u00e0 l&rsquo;avenir.<br \/>\u00abS&rsquo;agissant du dispositif de contr\u00f4le des suspects lib\u00e9r\u00e9s sous caution, j&rsquo;ai demand\u00e9 que l&rsquo;on \u00e9tudie rapidement comment le modifier. Nous allons \u00e9tudier diff\u00e9rents moyens, comme le suivi GPS\u00bb, a-t-elle ajout\u00e9.<\/p>\n<p>Auteur:<br \/>\n<a href=\"https:\/\/www.lesoirdalgerie.com\/monde\/de-nouveaux-details-sur-la-fuite-de-carlos-ghosn-36487\">Cliquez ici pour lire l&rsquo;article depuis sa source.<\/a><\/p>\n","protected":false},"excerpt":{"rendered":"<p>De nouveaux d\u00e9tails \u00e9mergeaient hier lundi sur les premi\u00e8res heures de la fuite de Carlos Ghosn, qui, selon des m\u00e9dias nippons, aurait pris un train de Tokyo \u00e0 Osaka en compagnie de plusieurs personnes encore non identifi\u00e9es par la police japonaise.Carlos Ghosn a pris un train \u00e0 grande vitesse (shinkansen) dimanche 29 d\u00e9cembre de Tokyo [&hellip;]<\/p>\n","protected":false},"author":1741,"featured_media":0,"comment_status":"closed","ping_status":"closed","sticky":false,"template":"","format":"standard","meta":{"fifu_image_url":"","fifu_image_alt":"","footnotes":""},"categories":[73,53],"tags":[],"class_list":["post-72401","post","type-post","status-publish","format-standard","hentry","category-actualite","category-algerie"],"_links":{"self":[{"href":"https:\/\/linitiative.ca\/International\/wp-json\/wp\/v2\/posts\/72401","targetHints":{"allow":["GET"]}}],"collection":[{"href":"https:\/\/linitiative.ca\/International\/wp-json\/wp\/v2\/posts"}],"about":[{"href":"https:\/\/linitiative.ca\/International\/wp-json\/wp\/v2\/types\/post"}],"author":[{"embeddable":true,"href":"https:\/\/linitiative.ca\/International\/wp-json\/wp\/v2\/users\/1741"}],"replies":[{"embeddable":true,"href":"https:\/\/linitiative.ca\/International\/wp-json\/wp\/v2\/comments?post=72401"}],"version-history":[{"count":0,"href":"https:\/\/linitiative.ca\/International\/wp-json\/wp\/v2\/posts\/72401\/revisions"}],"wp:attachment":[{"href":"https:\/\/linitiative.ca\/International\/wp-json\/wp\/v2\/media?parent=72401"}],"wp:term":[{"taxonomy":"category","embeddable":true,"href":"https:\/\/linitiative.ca\/International\/wp-json\/wp\/v2\/categories?post=72401"},{"taxonomy":"post_tag","embeddable":true,"href":"https:\/\/linitiative.ca\/International\/wp-json\/wp\/v2\/tags?post=72401"}],"curies":[{"name":"wp","href":"https:\/\/api.w.org\/{rel}","templated":true}]}}