{"id":72402,"date":"2020-01-07T05:00:00","date_gmt":"2020-01-07T10:00:00","guid":{"rendered":"https:\/\/linitiative.ca\/International\/quelquun-peut-penser-a-eteindre-la-tsf-oubliee-allumee-dans-la-cave\/"},"modified":"2020-01-07T05:00:00","modified_gmt":"2020-01-07T10:00:00","slug":"quelquun-peut-penser-a-eteindre-la-tsf-oubliee-allumee-dans-la-cave","status":"publish","type":"post","link":"https:\/\/linitiative.ca\/International\/quelquun-peut-penser-a-eteindre-la-tsf-oubliee-allumee-dans-la-cave\/","title":{"rendered":"Quelqu\u2019un peut penser \u00e0 \u00e9teindre la TSF oubli\u00e9e allum\u00e9e dans la cave ?"},"content":{"rendered":"<p class=\"c3\">La s\u00e9rie TV qui va cartonner Ramadhan prochain ?<\/p>\n<p class=\"c3\"><em><strong>Ouled Lah\u2019ram !\u00a0<\/strong><\/em><\/p>\n<p class=\"c3\">Compar\u00e9 \u00e0 eux, Tebboune en deviendrait limite \u00abmoderniste\u00bb ! Ce qui est incongru, je vous l\u2019accorde. Mais tout de m\u00eame ! J\u2019\u00e9prouverais presque de l\u2019empathie pour le chef de l\u2019\u00c9tat, tellement \u00e9c\u0153ur\u00e9 par les empoignades d\u2019un autre \u00e2ge, ces derni\u00e8res heures entre deux \u00abjeunes de l\u2019ancien monde\u00bb, Azzedine Mihoubi et Seddik Chihab. Et cette sensation d\u00e9sagr\u00e9able de rance sur la langue et d\u2019acouph\u00e8nes dans mes oreilles de tomber ainsi sur des comptes-rendus de la guerre que ces deux-l\u00e0 se livrent en\u2026 2020. Personne n\u2019a pens\u00e9 \u00e0 leur mettre un calendrier sous le nez ? All\u00f4 ! All\u00f4, messieurs ! Logiciel non mis \u00e0 jour ! Les heures de gloire de l\u2019appareil RND ou FLN ou tartempion, les moments magiques o\u00f9 l\u2019on nous servait cette soupe infecte d\u2019un enjeu strat\u00e9gique \u00e0 la t\u00eate des partis croupions est termin\u00e9e, finie, p\u00e9rim\u00e9e. La rue en a d\u00e9cid\u00e9 ainsi. Les faits et l\u2019actu ont valid\u00e9 cet acte de d\u00e9c\u00e8s. Pourtant, eux, un coup Azzedine, un autre Seddik continuent sur le m\u00eame mode. Comme une vieille radio Bak\u00e9lite, une antique TSF qu\u2019on aurait oubli\u00e9 allum\u00e9e, dans le sous-sol d\u2019un b\u00e2timent d\u00e9saffect\u00e9 o\u00f9 plus personne ne met les pieds. Mais, on s\u2019en tamponne le coquillard de savoir qui prendra le contr\u00f4le du RND ou du FLN. La rue s\u2019en tape qui vous a d\u00e9j\u00e0 lamin\u00e9s de rires et de m\u00e9pris conjugu\u00e9s. On ne peut m\u00eame plus vous tuer, vous \u00e9tiez d\u00e9j\u00e0 morts, \u00e9cras\u00e9s par les roues d\u2019un fauteuil roulant devenu tristement \u00abl\u00e9gendaire\u00bb. Alors que venez-vous aujourd\u2019hui encore polluer un peu plus l\u2019air d\u00e9j\u00e0 charg\u00e9 par vos \u00ab\u00e9changes\u00bb et vos pr\u00e9tentions d\u2019un autre \u00e2ge ? Quand on a pass\u00e9 ces 20 derni\u00e8res ann\u00e9es \u00e0 saluer un cadre et \u00e0 d\u00e9clamer des po\u00e8mes \u00e0 un cheval, en 2020, on devrait au moins avoir l\u2019humilit\u00e9 de faire bon usage du silence qui doit imp\u00e9rativement r\u00e9gner dans les cimeti\u00e8res de l\u2019imposture politique. Je fume du th\u00e9 et je reste \u00e9veill\u00e9, le cauchemar continue.<br \/><em><strong>H. L.<\/strong><\/em><\/p>\n<p>Auteur:<br \/>\n<a href=\"https:\/\/www.lesoirdalgerie.com\/pousse-avec-eux\/quelquun-peut-penser-a-eteindre-la-tsf-oubliee-allumee-dans-la-cave-36486\">Cliquez ici pour lire l&rsquo;article depuis sa source.<\/a><\/p>\n","protected":false},"excerpt":{"rendered":"<p>La s\u00e9rie TV qui va cartonner Ramadhan prochain ? Ouled Lah\u2019ram !\u00a0 Compar\u00e9 \u00e0 eux, Tebboune en deviendrait limite \u00abmoderniste\u00bb ! Ce qui est incongru, je vous l\u2019accorde. Mais tout de m\u00eame ! J\u2019\u00e9prouverais presque de l\u2019empathie pour le chef de l\u2019\u00c9tat, tellement \u00e9c\u0153ur\u00e9 par les empoignades d\u2019un autre \u00e2ge, ces derni\u00e8res heures entre deux [&hellip;]<\/p>\n","protected":false},"author":1741,"featured_media":0,"comment_status":"closed","ping_status":"closed","sticky":false,"template":"","format":"standard","meta":{"fifu_image_url":"","fifu_image_alt":"","footnotes":""},"categories":[73,53],"tags":[],"class_list":["post-72402","post","type-post","status-publish","format-standard","hentry","category-actualite","category-algerie"],"_links":{"self":[{"href":"https:\/\/linitiative.ca\/International\/wp-json\/wp\/v2\/posts\/72402","targetHints":{"allow":["GET"]}}],"collection":[{"href":"https:\/\/linitiative.ca\/International\/wp-json\/wp\/v2\/posts"}],"about":[{"href":"https:\/\/linitiative.ca\/International\/wp-json\/wp\/v2\/types\/post"}],"author":[{"embeddable":true,"href":"https:\/\/linitiative.ca\/International\/wp-json\/wp\/v2\/users\/1741"}],"replies":[{"embeddable":true,"href":"https:\/\/linitiative.ca\/International\/wp-json\/wp\/v2\/comments?post=72402"}],"version-history":[{"count":0,"href":"https:\/\/linitiative.ca\/International\/wp-json\/wp\/v2\/posts\/72402\/revisions"}],"wp:attachment":[{"href":"https:\/\/linitiative.ca\/International\/wp-json\/wp\/v2\/media?parent=72402"}],"wp:term":[{"taxonomy":"category","embeddable":true,"href":"https:\/\/linitiative.ca\/International\/wp-json\/wp\/v2\/categories?post=72402"},{"taxonomy":"post_tag","embeddable":true,"href":"https:\/\/linitiative.ca\/International\/wp-json\/wp\/v2\/tags?post=72402"}],"curies":[{"name":"wp","href":"https:\/\/api.w.org\/{rel}","templated":true}]}}